{"id":1157,"date":"2014-10-23T19:08:08","date_gmt":"2014-10-23T19:08:08","guid":{"rendered":"https:\/\/rep.pt\/wp\/?p=1157"},"modified":"2014-10-23T19:09:40","modified_gmt":"2014-10-23T19:09:40","slug":"escoteiro-chefe-nacional-transmite-a-mensagem-de-abertura-do-57o-jota-a-partir-da-sede-do-grupo-84-entroncamento","status":"publish","type":"post","link":"https:\/\/rep.pt\/wp\/2014\/10\/23\/escoteiro-chefe-nacional-transmite-a-mensagem-de-abertura-do-57o-jota-a-partir-da-sede-do-grupo-84-entroncamento\/","title":{"rendered":"Escoteiro Chefe Nacional transmite a mensagem de abertura do 57\u00ba JOTA a partir da sede do Grupo 84 (Entroncamento)."},"content":{"rendered":"<h5><strong>Mensagem de Abertura do 57\u00ba JOTA<\/strong><\/h5>\n<p style=\"text-align: justify;\">Escoteiro Chefe Nacional transmite a mensagem de abertura do 57\u00ba JOTA a partir da sede do Grupo 84 (Entroncamento).<img loading=\"lazy\" decoding=\"async\" class=\"alignleft\" src=\"http:\/\/escoteiros.pt\/new_site\/images\/art_538.jpg\" alt=\"\" width=\"240\" height=\"180\" \/><\/p>\n<p style=\"text-align: justify;\">Repetindo a experi\u00eancia dos \u00faltimos anos, a esta\u00e7\u00e3o nacional da AEP (CR6AEP) percorre o pa\u00eds mostrando que com muito pouco \u00e9 poss\u00edvel viver a experi\u00eancia do JOTA.<\/p>\n<div style=\"text-align: justify;\">\u00a0\u00a0A mensagem de abertura foi lida pelo Escoteiro Chefe Nacional a partir da sede do Grupo 84 (Entroncamento).<\/div>\n<div style=\"text-align: justify;\">\u00a0Depois a esta\u00e7\u00e3o foi a at\u00e9 Lisboa e esteve na sede Grupo 94 onde tamb\u00e9m participou o Grupo 2.<\/div>\n<div style=\"text-align: justify;\"><\/div>\n<div>\u00a0<a href=\"https:\/\/www.facebook.com\/escoteirosdeportugal\">Os pormenores da viagem est\u00e3o no Facebook<\/a><\/div>\n<div><\/div>\n<div>\u00a0<a href=\"http:\/\/www.escoteiros.pt\/new_site\/documents\/272.mp3\">Podes ouvir a mensagem de abertura aqui<\/a> .<\/div>\n<div><\/div>\n<div>A esta\u00e7\u00e3o nacional da AEP (CR6AEP) esteve mais uma vez em itiner\u00e2ncia com\u00a0Jos\u00e9 Ara\u00fajo (CT1DSV)\u00a0e com o Ant\u00f3nio Claro (CT1ENV).<\/div>\n","protected":false},"excerpt":{"rendered":"<p>Mensagem de Abertura do 57\u00ba JOTA Escoteiro Chefe Nacional transmite a mensagem de abertura do 57\u00ba JOTA a partir da sede do Grupo 84 (Entroncamento). Repetindo a experi\u00eancia dos \u00faltimos anos, a esta\u00e7\u00e3o nacional da AEP (CR6AEP) percorre o pa\u00eds mostrando que com muito pouco \u00e9 poss\u00edvel viver a experi\u00eancia do JOTA. \u00a0\u00a0A mensagem de [&hellip;]<\/p>\n","protected":false},"author":1,"featured_media":1158,"comment_status":"closed","ping_status":"open","sticky":false,"template":"","format":"standard","meta":{"footnotes":""},"categories":[18],"tags":[36,139,140,35,123,32],"class_list":["post-1157","post","type-post","status-publish","format-standard","has-post-thumbnail","hentry","category-radioescutismo","tag-amateur-radio","tag-jamboree","tag-jota","tag-radioamadorismo","tag-radioescutismo-2","tag-rede-dos-emissores-portugueses"],"_links":{"self":[{"href":"https:\/\/rep.pt\/wp\/wp-json\/wp\/v2\/posts\/1157","targetHints":{"allow":["GET"]}}],"collection":[{"href":"https:\/\/rep.pt\/wp\/wp-json\/wp\/v2\/posts"}],"about":[{"href":"https:\/\/rep.pt\/wp\/wp-json\/wp\/v2\/types\/post"}],"author":[{"embeddable":true,"href":"https:\/\/rep.pt\/wp\/wp-json\/wp\/v2\/users\/1"}],"replies":[{"embeddable":true,"href":"https:\/\/rep.pt\/wp\/wp-json\/wp\/v2\/comments?post=1157"}],"version-history":[{"count":3,"href":"https:\/\/rep.pt\/wp\/wp-json\/wp\/v2\/posts\/1157\/revisions"}],"predecessor-version":[{"id":1161,"href":"https:\/\/rep.pt\/wp\/wp-json\/wp\/v2\/posts\/1157\/revisions\/1161"}],"wp:featuredmedia":[{"embeddable":true,"href":"https:\/\/rep.pt\/wp\/wp-json\/wp\/v2\/media\/1158"}],"wp:attachment":[{"href":"https:\/\/rep.pt\/wp\/wp-json\/wp\/v2\/media?parent=1157"}],"wp:term":[{"taxonomy":"category","embeddable":true,"href":"https:\/\/rep.pt\/wp\/wp-json\/wp\/v2\/categories?post=1157"},{"taxonomy":"post_tag","embeddable":true,"href":"https:\/\/rep.pt\/wp\/wp-json\/wp\/v2\/tags?post=1157"}],"curies":[{"name":"wp","href":"https:\/\/api.w.org\/{rel}","templated":true}]}}