{"id":1511,"date":"2015-04-16T17:16:14","date_gmt":"2015-04-16T17:16:14","guid":{"rendered":"https:\/\/rep.pt\/wp\/?p=1511"},"modified":"2015-04-16T20:33:43","modified_gmt":"2015-04-16T20:33:43","slug":"testes-de-emissao-da-iss-em-d-atv","status":"publish","type":"post","link":"https:\/\/rep.pt\/wp\/2015\/04\/16\/testes-de-emissao-da-iss-em-d-atv\/","title":{"rendered":"Testes de emiss\u00e3o da ISS em D-ATV"},"content":{"rendered":"<div class=\"gmail_default\" style=\"text-align: justify;\"><i>Caros colegas\u00a0<\/i><\/div>\n<div class=\"gmail_default\" style=\"text-align: justify;\"><i>\u00a0<\/i><\/div>\n<div class=\"gmail_default\" style=\"text-align: justify;\"><i>Foi recebida h\u00e1 momentos a informa\u00e7\u00e3o que v\u00e3o ser realizados hoje at\u00e9 \u00e0s 24h testes de emiss\u00e3o em D-ATV desde a Esta\u00e7\u00e3o Espacial Internacional (ISS) .<\/i><\/div>\n<div class=\"gmail_default\" style=\"text-align: justify;\"><i>\u00a0<\/i><\/div>\n<div class=\"gmail_default\" style=\"text-align: justify;\"><i>Podem acompanhar a rece\u00e7\u00e3o das imagens em direto (Portugal e Pol\u00f3nia) desde a p\u00e1gina de CS5SS em\u00a0<a href=\"http:\/\/www.rep.pt\/cs5ss\" target=\"_blank\">http:\/\/www.rep.pt\/cs5ss<\/a>\u00a0ou nesta mesma p\u00e1gina no menu lateral direito.<\/i><\/div>\n<div><\/div>\n<div><\/div>\n<div class=\"gmail_default\">73, Equipa CS5SS\u200b<\/div>\n<div class=\"gmail_default\"><img decoding=\"async\" src=\"https:\/\/ci4.googleusercontent.com\/proxy\/2l865sWhJ6HS0csgxlYaN-Pp8jRxttlDWqK7IJblJFfUpjs-hP2OqxYCQCEQNfUSB9nTTwgTSuBuJUTvL9PWxUePKXucbwIu4IdSsvZi-oeImN_kavXuAABq52O3iiAPWU669VvY69gSozr2yB3SaPSpnaHVmcdoFCQ5Tmob2nd0fFz5reNuL8pW9wI2GxuC01dJO5mv-yRWaVU=s0-d-e1-ft#https:\/\/docs.google.com\/uc?export=download&amp;id=0B5CueRyONNC2VHZ0YTNJYlBPX00&amp;revid=0B5CueRyONNC2bTZMUGVZTTd1Q1ZESys2ZVJPa041cmNxUnNFPQ\" alt=\"\" \/><\/div>\n","protected":false},"excerpt":{"rendered":"<p>Caros colegas\u00a0 \u00a0 Foi recebida h\u00e1 momentos a informa\u00e7\u00e3o que v\u00e3o ser realizados hoje at\u00e9 \u00e0s 24h testes de emiss\u00e3o em D-ATV desde a Esta\u00e7\u00e3o Espacial Internacional (ISS) . \u00a0 Podem acompanhar a rece\u00e7\u00e3o das imagens em direto (Portugal e Pol\u00f3nia) desde a p\u00e1gina de CS5SS em\u00a0http:\/\/www.rep.pt\/cs5ss\u00a0ou nesta mesma p\u00e1gina no menu lateral direito. 73, [&hellip;]<\/p>\n","protected":false},"author":1,"featured_media":1491,"comment_status":"closed","ping_status":"open","sticky":false,"template":"","format":"standard","meta":{"footnotes":""},"categories":[22],"tags":[36,171,35,32,165,176],"class_list":["post-1511","post","type-post","status-publish","format-standard","has-post-thumbnail","hentry","category-ariss","tag-amateur-radio","tag-ariss","tag-radioamadorismo","tag-rede-dos-emissores-portugueses","tag-rep","tag-rep-ariss"],"_links":{"self":[{"href":"https:\/\/rep.pt\/wp\/wp-json\/wp\/v2\/posts\/1511","targetHints":{"allow":["GET"]}}],"collection":[{"href":"https:\/\/rep.pt\/wp\/wp-json\/wp\/v2\/posts"}],"about":[{"href":"https:\/\/rep.pt\/wp\/wp-json\/wp\/v2\/types\/post"}],"author":[{"embeddable":true,"href":"https:\/\/rep.pt\/wp\/wp-json\/wp\/v2\/users\/1"}],"replies":[{"embeddable":true,"href":"https:\/\/rep.pt\/wp\/wp-json\/wp\/v2\/comments?post=1511"}],"version-history":[{"count":2,"href":"https:\/\/rep.pt\/wp\/wp-json\/wp\/v2\/posts\/1511\/revisions"}],"predecessor-version":[{"id":1513,"href":"https:\/\/rep.pt\/wp\/wp-json\/wp\/v2\/posts\/1511\/revisions\/1513"}],"wp:featuredmedia":[{"embeddable":true,"href":"https:\/\/rep.pt\/wp\/wp-json\/wp\/v2\/media\/1491"}],"wp:attachment":[{"href":"https:\/\/rep.pt\/wp\/wp-json\/wp\/v2\/media?parent=1511"}],"wp:term":[{"taxonomy":"category","embeddable":true,"href":"https:\/\/rep.pt\/wp\/wp-json\/wp\/v2\/categories?post=1511"},{"taxonomy":"post_tag","embeddable":true,"href":"https:\/\/rep.pt\/wp\/wp-json\/wp\/v2\/tags?post=1511"}],"curies":[{"name":"wp","href":"https:\/\/api.w.org\/{rel}","templated":true}]}}