{"id":1802,"date":"2015-12-28T11:55:07","date_gmt":"2015-12-28T11:55:07","guid":{"rendered":"https:\/\/rep.pt\/wp\/?p=1802"},"modified":"2015-12-31T11:55:19","modified_gmt":"2015-12-31T11:55:19","slug":"pedido-autorizacao-da-utilizacao-da-faixa-de-1850-a-2000-khz-no-ano-de-2016","status":"publish","type":"post","link":"https:\/\/rep.pt\/wp\/2015\/12\/28\/pedido-autorizacao-da-utilizacao-da-faixa-de-1850-a-2000-khz-no-ano-de-2016\/","title":{"rendered":"Pedido autoriza\u00e7\u00e3o da utiliza\u00e7\u00e3o da faixa de 1850 a 2000 kHz no ano de 2016"},"content":{"rendered":"<p style=\"text-align: justify;\">A Rede dos Emissores Portugueses na continuidade do efetuado nos anos anteriores, solicitou junto da Autoridade Nacional de Comunica\u00e7\u00f5es &#8211; ANACOM a autoriza\u00e7\u00e3o tempor\u00e1ria da utiliza\u00e7\u00e3o da faixa de 1850 a 2000 kHz (banda dos 160m), nas condi\u00e7\u00f5es fixadas no Quadro Nacional de Atribui\u00e7\u00e3o de Frequ\u00eancias (QNAF) para a faixa de 1830 a 1850 kHz, para a participa\u00e7\u00e3o de todos os utilizadores autorizados ao servi\u00e7o de amador nacional atrav\u00e9s do disposto no Decreto-Lei n.\u00ba 53\/2009, de 2 de mar\u00e7o, para os seguintes concursos internacionais durante o ano 2016:<\/p>\n<p style=\"text-align: justify;\">30-31\/01\/2016 Concurso CQ World-Wide 160m Contest (CW);<br \/>\n20-21\/02\/2016 Concurso ARRL International DX (CW);<br \/>\n27-28\/02\/2016 Concurso CQ World-Wide 160m Contest (SSB);<br \/>\n05-06\/03\/2016 Concurso ARRL International DX (SSB);<br \/>\n26-27\/03\/2016 Concurso CQ World-Wide WPX (SSB);<br \/>\n21-22\/05\/2016 Concurso S.M. El Rey de Espanha (CW);<br \/>\n28-29\/05\/2016 Concurso CQ World-Wide WPX (CW);<br \/>\n25-26\/06\/2016 Concurso S.M. El Rey de Espanha (SSB);<br \/>\n09-10\/07\/2016 Concurso IARU HF Championship;<br \/>\n29-30\/10\/2016 Concurso CQ World-Wide DX (SSB);<br \/>\n26-27\/11\/2016 Concurso CQ World-Wide DX (CW);<br \/>\n02-04\/12\/2016 Concurso ARRL 160m.<\/p>\n<p style=\"text-align: justify;\">Em virtude da \u00e9poca festiva que atravessamos ainda n\u00e3o foi obtida qualquer resposta da parte da ANACOM, a sua divulga\u00e7\u00e3o ser\u00e1 feita junto dos nossos associados e na p\u00e1gina da internet da REP.<\/p>\n<p style=\"text-align: justify;\">\n","protected":false},"excerpt":{"rendered":"<p>A Rede dos Emissores Portugueses na continuidade do efetuado nos anos anteriores, solicitou junto da Autoridade Nacional de Comunica\u00e7\u00f5es &#8211; ANACOM a autoriza\u00e7\u00e3o tempor\u00e1ria da utiliza\u00e7\u00e3o da faixa de 1850 a 2000 kHz (banda dos 160m), nas condi\u00e7\u00f5es fixadas no Quadro Nacional de Atribui\u00e7\u00e3o de Frequ\u00eancias (QNAF) para a faixa de 1830 a 1850 kHz, [&hellip;]<\/p>\n","protected":false},"author":1,"featured_media":471,"comment_status":"closed","ping_status":"open","sticky":false,"template":"","format":"standard","meta":{"footnotes":""},"categories":[3],"tags":[199,36,28,31,35,32,165],"class_list":["post-1802","post","type-post","status-publish","format-standard","has-post-thumbnail","hentry","category-rep","tag-160m","tag-amateur-radio","tag-concursos","tag-contest","tag-radioamadorismo","tag-rede-dos-emissores-portugueses","tag-rep"],"_links":{"self":[{"href":"https:\/\/rep.pt\/wp\/wp-json\/wp\/v2\/posts\/1802","targetHints":{"allow":["GET"]}}],"collection":[{"href":"https:\/\/rep.pt\/wp\/wp-json\/wp\/v2\/posts"}],"about":[{"href":"https:\/\/rep.pt\/wp\/wp-json\/wp\/v2\/types\/post"}],"author":[{"embeddable":true,"href":"https:\/\/rep.pt\/wp\/wp-json\/wp\/v2\/users\/1"}],"replies":[{"embeddable":true,"href":"https:\/\/rep.pt\/wp\/wp-json\/wp\/v2\/comments?post=1802"}],"version-history":[{"count":2,"href":"https:\/\/rep.pt\/wp\/wp-json\/wp\/v2\/posts\/1802\/revisions"}],"predecessor-version":[{"id":1804,"href":"https:\/\/rep.pt\/wp\/wp-json\/wp\/v2\/posts\/1802\/revisions\/1804"}],"wp:featuredmedia":[{"embeddable":true,"href":"https:\/\/rep.pt\/wp\/wp-json\/wp\/v2\/media\/471"}],"wp:attachment":[{"href":"https:\/\/rep.pt\/wp\/wp-json\/wp\/v2\/media?parent=1802"}],"wp:term":[{"taxonomy":"category","embeddable":true,"href":"https:\/\/rep.pt\/wp\/wp-json\/wp\/v2\/categories?post=1802"},{"taxonomy":"post_tag","embeddable":true,"href":"https:\/\/rep.pt\/wp\/wp-json\/wp\/v2\/tags?post=1802"}],"curies":[{"name":"wp","href":"https:\/\/api.w.org\/{rel}","templated":true}]}}