{"id":2913,"date":"2017-12-31T11:27:11","date_gmt":"2017-12-31T11:27:11","guid":{"rendered":"https:\/\/rep.pt\/wp\/?p=2913"},"modified":"2017-12-31T11:27:11","modified_gmt":"2017-12-31T11:27:11","slug":"boletim-d-rep-edicao-no-12-vol-5-de-31-12-2017","status":"publish","type":"post","link":"https:\/\/rep.pt\/wp\/2017\/12\/31\/boletim-d-rep-edicao-no-12-vol-5-de-31-12-2017\/","title":{"rendered":"Boletim d@ REP Edi\u00e7\u00e3o N\u00ba 12 Vol. 5 de 31-12-2017"},"content":{"rendered":"<p>Nesta edi\u00e7\u00e3o:<\/p>\n<p>&#8211; Editorial e Boas Festas.<br \/>\n&#8211; CS5SS \u2013 REP-ARISS Portugal.<br \/>\n<strong>&#8211; REP-MS e REP-CEM<\/strong><br \/>\n&#8211; Compatibilidade Electro magn\u00e9tica (CEM)<br \/>\n&#8211; ANACOM<br \/>\n&#8211; WRC \u2013 2019<br \/>\n&#8211; Proposta e contributo da REP.<br \/>\n&#8211; Agenda WRC-2019.<br \/>\n&#8211; O SOL e a Propaga\u00e7\u00e3o<br \/>\n&#8211; Fluxo e Indices Solares.<br \/>\n&#8211; Previs\u00e3o das MUF.<br \/>\n&#8211; Monitoriza\u00e7\u00e3o Nacional e Internacional de HF.<br \/>\n<strong>&#8211; Delega\u00e7\u00e3o REP Cascais e Estoril<\/strong><br \/>\n&#8211; Sonda ATECA-1.<br \/>\n&#8211; REP Forum.<br \/>\n&#8211; DXCC \u2013 Classifica\u00e7\u00f5es de esta\u00e7\u00f5es Portuguesas.<br \/>\n&#8211; Calend\u00e1rio de DX.<br \/>\n&#8211; REP Grupos de Trabalho.<br \/>\n&#8211; IOTA programa.<br \/>\n&#8211; HF-VHF-UHF-SHF-EHF Recordes de Dist\u00e2ncia.<br \/>\n&#8211; 2018 Autoriza\u00e7\u00e3o especial para uso de 1810-2000 kHz (160m).<br \/>\n&#8211; Calend\u00e1rio de concursos internacionais.<br \/>\n&#8211; QSL Informa\u00e7\u00e3o.<br \/>\n<strong>&#8211; Delega\u00e7\u00e3o REP Beira Baixa<\/strong><br \/>\n&#8211; \u201cPai Natal\u201d conversa com crian\u00e7as do Centro Paroquial do Alcaide.<\/p>\n<p>&#8211; IARU &#8211; Guia de Telecomunica\u00e7\u00f5es de Emerg\u00eancia traduzido por Jorge Azevedo-CT1DOF.<\/p>\n<p><a href=\"https:\/\/rep.pt\/wp\/?wpdmpro=boletim-d-rep-edicao-no-12-vol-5-de-31-12-2017\" target=\"_blank\" rel=\"noopener noreferrer\"><img loading=\"lazy\" decoding=\"async\" class=\"alignnone\" src=\"http:\/\/3.bp.blogspot.com\/_6ZJ2ApIzzMw\/SfW13axOTsI\/AAAAAAAAABs\/gbw4fTSlGA0\/s320\/botao_download_animado.gif\" alt=\"\" width=\"150\" height=\"68\" \/><\/a><\/p>\n<p><img decoding=\"async\" src=\"https:\/\/ci5.googleusercontent.com\/proxy\/DeeYg90HdFepjztnfc1RrCQ2Mts3pzDqIPS_v6PEe-33aeC96mJjJh-V3DOcZRylss6Fl-LOkY1CwzLjHSRquuCsf0hZ6cHn2bUsn-E-Ra2PXvM92twobFwY2577n7RjgcjulKYwIVyh2MDaUXiGfZ1n33IUCL1XM5BKcfkGNymCmp7jNtdwXJUYXE1JQZF9D6PoTZKf-2MIdOTUxUUolQ=s0-d-e1-ft#https:\/\/docs.google.com\/uc?export=download&amp;id=1i3sj2K1QzDl4bHfMmiKJPPxI4HxBnw3J&amp;revid=0B5CueRyONNC2dWZsT0drTjZQQjI2SFhXMUZKZGNkUVFGVlhVPQ\" \/><\/p>\n<p>&nbsp;<\/p>\n","protected":false},"excerpt":{"rendered":"<p>Nesta edi\u00e7\u00e3o: &#8211; Editorial e Boas Festas. &#8211; CS5SS \u2013 REP-ARISS Portugal. &#8211; REP-MS e REP-CEM &#8211; Compatibilidade Electro magn\u00e9tica (CEM) &#8211; ANACOM &#8211; WRC \u2013 2019 &#8211; Proposta e contributo da REP. &#8211; Agenda WRC-2019. &#8211; O SOL e a Propaga\u00e7\u00e3o &#8211; Fluxo e Indices Solares. &#8211; Previs\u00e3o das MUF. &#8211; Monitoriza\u00e7\u00e3o Nacional e [&hellip;]<\/p>\n","protected":false},"author":1,"featured_media":2514,"comment_status":"closed","ping_status":"open","sticky":false,"template":"","format":"standard","meta":{"footnotes":""},"categories":[3],"tags":[230,206,32,165],"class_list":["post-2913","post","type-post","status-publish","format-standard","has-post-thumbnail","hentry","category-rep","tag-redeemissoresportugueses","tag-boletim-d-rep","tag-rede-dos-emissores-portugueses","tag-rep"],"_links":{"self":[{"href":"https:\/\/rep.pt\/wp\/wp-json\/wp\/v2\/posts\/2913","targetHints":{"allow":["GET"]}}],"collection":[{"href":"https:\/\/rep.pt\/wp\/wp-json\/wp\/v2\/posts"}],"about":[{"href":"https:\/\/rep.pt\/wp\/wp-json\/wp\/v2\/types\/post"}],"author":[{"embeddable":true,"href":"https:\/\/rep.pt\/wp\/wp-json\/wp\/v2\/users\/1"}],"replies":[{"embeddable":true,"href":"https:\/\/rep.pt\/wp\/wp-json\/wp\/v2\/comments?post=2913"}],"version-history":[{"count":1,"href":"https:\/\/rep.pt\/wp\/wp-json\/wp\/v2\/posts\/2913\/revisions"}],"predecessor-version":[{"id":2915,"href":"https:\/\/rep.pt\/wp\/wp-json\/wp\/v2\/posts\/2913\/revisions\/2915"}],"wp:featuredmedia":[{"embeddable":true,"href":"https:\/\/rep.pt\/wp\/wp-json\/wp\/v2\/media\/2514"}],"wp:attachment":[{"href":"https:\/\/rep.pt\/wp\/wp-json\/wp\/v2\/media?parent=2913"}],"wp:term":[{"taxonomy":"category","embeddable":true,"href":"https:\/\/rep.pt\/wp\/wp-json\/wp\/v2\/categories?post=2913"},{"taxonomy":"post_tag","embeddable":true,"href":"https:\/\/rep.pt\/wp\/wp-json\/wp\/v2\/tags?post=2913"}],"curies":[{"name":"wp","href":"https:\/\/api.w.org\/{rel}","templated":true}]}}