{"id":3259,"date":"2018-10-15T08:50:29","date_gmt":"2018-10-15T08:50:29","guid":{"rendered":"https:\/\/rep.pt\/wp\/?p=3259"},"modified":"2018-10-19T09:34:28","modified_gmt":"2018-10-19T09:34:28","slug":"jota-joti-2018-em-frequencia","status":"publish","type":"post","link":"https:\/\/rep.pt\/wp\/2018\/10\/15\/jota-joti-2018-em-frequencia\/","title":{"rendered":"JOTA\/JOTI 2018 &#8211; Em Frequ\u00eancia"},"content":{"rendered":"<p><img loading=\"lazy\" decoding=\"async\" class=\"wp-image-3260 alignleft\" src=\"https:\/\/rep.pt\/wp\/wp-content\/uploads\/2018\/10\/jotajoti2018.png\" alt=\"\" width=\"307\" height=\"307\" srcset=\"https:\/\/rep.pt\/wp\/wp-content\/uploads\/2018\/10\/jotajoti2018.png 1118w, https:\/\/rep.pt\/wp\/wp-content\/uploads\/2018\/10\/jotajoti2018-100x100.png 100w, https:\/\/rep.pt\/wp\/wp-content\/uploads\/2018\/10\/jotajoti2018-300x300.png 300w, https:\/\/rep.pt\/wp\/wp-content\/uploads\/2018\/10\/jotajoti2018-1024x1024.png 1024w, https:\/\/rep.pt\/wp\/wp-content\/uploads\/2018\/10\/jotajoti2018-600x600.png 600w, https:\/\/rep.pt\/wp\/wp-content\/uploads\/2018\/10\/jotajoti2018-160x160.png 160w\" sizes=\"auto, (max-width: 307px) 100vw, 307px\" \/><em>Aos Radioamadores<\/em><\/p>\n<p><em>A publica\u00e7\u00e3o anual Em Frequ\u00eancia que ajuda no JOTA j\u00e1 se encontra dispon\u00edvel, podem visualizar ou baixar em\u00a0<a href=\"http:\/\/dnr.cne-escutismo.pt\/paginainicial\/em-frequencia-2018\/\" target=\"_blank\" rel=\"noopener\">http:\/\/dnr.cne-escutismo.pt\/paginainicial\/em-frequencia-2018\/<\/a><\/em><\/p>\n<p><em>Com destaque para os seguintes assuntos:<\/em><\/p>\n<p><em>&#8211; Abertura e Encerramento.<\/em><br \/>\n<em>&#8211; Frequ\u00eancias de Chamada.<\/em><br \/>\n<em>&#8211; Autoriza\u00e7\u00e3o ANACOM.<\/em><br \/>\n<em>&#8211; Indicativos de Chamada Ocasional.<\/em><\/p>\n<p><strong>Abertura e Encerramento<\/strong><br \/>\nComo em anos anteriores, a esta\u00e7\u00e3o CR6JAM come\u00e7ar\u00e1 a chamar \u00e1s 23h 30m (hora de Portugal continental) de <strong>sexta-feira dia 19<\/strong>, de forma a agrupar o maior n\u00famero de esta\u00e7\u00f5es poss\u00edvel. Esta chamada ser\u00e1 feita na banda dos 80 metros, na frequ\u00eancia de 3.710 kHz, e ainda nos repetidores de Echolink onde se encontra instalada a sala Luso-Lusa.<\/p>\n<p>No caso de dificuldades de propaga\u00e7\u00e3o tentar-se-\u00e1 ent\u00e3o a banda dos 40 metros na frequ\u00eancia de 7.080 kHz.<\/p>\n<p>Todas estas frequ\u00eancias poder\u00e3o sofrer alguns ajustes quer devido a interfer\u00eancias, quer por as mesmas se encontrarem ocupadas por outras esta\u00e7\u00f5es.<\/p>\n<p>De imediato proceder-se-\u00e1 \u00e0 abertura da atividade com a leitura das mensagens por parte do,<\/p>\n<p>\u2022 Presidente da Federa\u00e7\u00e3o Escutista de Portugal e Chefe Nacional da Associa\u00e7\u00e3o Escoteiros de Portugal<\/p>\n<p>\u2022 Chefe Nacional do Corpo Nacional de Escutas<\/p>\n<p>\u2022 Comiss\u00e1ria Nacional da Associa\u00e7\u00e3o Guias de Portugal<\/p>\n<p>Ap\u00f3s a leitura das mensagens a esta\u00e7\u00e3o CR6JAM ficar\u00e1 dispon\u00edvel na banda dos 80m para contactar com as esta\u00e7\u00f5es que o pretendam. Da mesma forma se proceder\u00e1 ao encerramento do JOTA no <strong>domingo dia 21<\/strong>, pelas 17h00 transmitindo a CR6JAM uma pequena mensagem de encerramento, ficando logo ap\u00f3s dispon\u00edvel para quem a pretenda ainda contactar.<\/p>\n<p><strong>Frequ\u00eancias de Chamada<\/strong><\/p>\n<table>\n<tbody>\n<tr>\n<td>Banda<\/td>\n<td>SSB<\/td>\n<td>CW<\/td>\n<\/tr>\n<tr>\n<td>80 m<\/td>\n<td>3.690 MHz<\/td>\n<td>3.570 MHz<\/td>\n<\/tr>\n<tr>\n<td>40 m<\/td>\n<td>7.090 MHz<\/td>\n<td>7.030 MHz<\/td>\n<\/tr>\n<tr>\n<td>20 m<\/td>\n<td>14.290 MHz<\/td>\n<td>14.060 MHz<\/td>\n<\/tr>\n<tr>\n<td>17 m<\/td>\n<td>18.140 MHz<\/td>\n<td>18.080 MHz<\/td>\n<\/tr>\n<tr>\n<td>15 m<\/td>\n<td>21.360 MHz<\/td>\n<td>21.140 MHz<\/td>\n<\/tr>\n<tr>\n<td>12 m<\/td>\n<td>24.960 MHz<\/td>\n<td>24.910 MHz<\/td>\n<\/tr>\n<tr>\n<td>10 m<\/td>\n<td>28.390 MHz<\/td>\n<td>28.180 MHz<\/td>\n<\/tr>\n<\/tbody>\n<\/table>\n<p><strong>Autoriza\u00e7\u00e3o ANACOM<\/strong><\/p>\n<p>ANACOM-S016210\/2018<br \/>\n20.02.01.972270<br \/>\nNa sequ\u00eancia do vosso pedido e de acordo com o despacho DE<br \/>\n4082018 ADGE1 de 24-09-2018, do Adjunto da Diretora de<br \/>\nGest\u00e3o do Espectro, ao abrigo das compet\u00eancias que lhe est\u00e3o<br \/>\nsubdelegadas, \u00e9 autorizado para o <strong>61.\u00ba Jamboree no Ar<\/strong> nos dias<br \/>\n<strong>19, 20 e 21 de outubro de 2018<\/strong>:<br \/>\na utiliza\u00e7\u00e3o pelos radioamadores respons\u00e1veis dos indicativos<br \/>\nocasionais referidos na lista anexa;<br \/>\na utiliza\u00e7\u00e3o das esta\u00e7\u00f5es de amador nas sedes das unidades<br \/>\nescutistas, lugares p\u00fablicos ou acampamentos;<br \/>\nque os escuteiros envolvidos neste evento possam comunicar a<br \/>\npartir das esta\u00e7\u00f5es mencionadas, sob a supervis\u00e3o de amadores<br \/>\ndas categorias 1, A ou B, que iniciar\u00e3o e finalizar\u00e3o cada contacto<br \/>\ne que ser\u00e3o respons\u00e1veis pela opera\u00e7\u00e3o da esta\u00e7\u00e3o durante o<br \/>\nper\u00edodo da comunica\u00e7\u00e3o.<br \/>\nAdicionalmente, esclarece-se que nestas comunica\u00e7\u00f5es poder\u00e3o<br \/>\nser utilizadas esta\u00e7\u00f5es de uso comum, devidamente licenciadas<br \/>\nou autorizadas, nomeadamente repetidores ou para liga\u00e7\u00e3o<br \/>\nsimplex \u00e0 rede fixa (LSF).<br \/>\nCom os melhores cumprimentos,<br \/>\nEma Esteves<br \/>\nServi\u00e7os de Amador<br \/>\ne de Amador por Sat\u00e9lite<\/p>\n<p><strong>Indicativos de Chamada Ocasional<\/strong><\/p>\n<p>CR2AEC Agrupamento de Escuteiros da Concei\u00e7\u00e3o CU3CO<br \/>\nCR2ASC Agrupamento de Escuteiros de S\u00e3o Carlos CU3AT<br \/>\nCR2EMA Agrupamento de Escuteiros Mar\u00edtimos de S\u00e3o Jos\u00e9 &#8211; A\u00e7ores CU2IF<br \/>\nCR2S Escoteiros de Portugal &#8211; A\u00e7ores Ocidental CU2ABD<br \/>\nCR3AEM Agrupamento de Escuteiros do Machico CT3FH<br \/>\nCR3ASA Agrupamento de Escuteiros de Santo Amaro CT3CF<br \/>\nCR3EPM Escoteiros de Portugal &#8211; Madeira CT3BX<br \/>\nCR5AAE Agrupamento de Escuteiros da Areosa CT4LN<br \/>\nCR5AAL Agrupamento de Escuteiros de Alhandra CT1ESC<br \/>\nCR5AAS Agrupamento de Escuteiros A\u00e9reos do Samouco CT2GKS<br \/>\nCR5ACE Agrupamento de Escuteiros de Elvas CT1DUM<br \/>\nCR5AEA Agrupamento de Escuteiros das Antas CT4RH<br \/>\nCR5AEC Agrupamento de Escuteiros de Coja CT1FOP<br \/>\nCR5AEE Agrupamento de Escuteiros do Entroncamento CT2JYV<br \/>\nCR5AEF Agrupamento de Escuteiros do Feij\u00f3 CT1DRY<br \/>\nCR5AEV Agrupamento de Escuteiros de Vialonga CT1FEE<br \/>\nCR5AOL Agrupamento de Escuteiros de Oliveirinha CT1BKF<br \/>\nCR5APC Agrupamento de Escuteiros de Alpiar\u00e7a CT2JRF<br \/>\nCR5APL Agrupamento de Escuteiros da Palha\u00e7a CT1FOR<br \/>\nCR5ASA Agrupamento de Escuteiros de Santo Andr\u00e9 CT1EYQ<br \/>\nCR5AVC Agrupamento de Escuteiros de Avanca CT1FCP<br \/>\nCR5BJA Agrupamento de Escuteiros de Beja CT2IIZ<br \/>\nCR5CEO Junta de N\u00facleo do Oeste CT2KHH<br \/>\nCR5EAA Agrupamento de Escuteiros de Alheira CT2HOV<br \/>\nCR5EAB Agrupamento de Escuteiros do Bordalo CT2IEY<br \/>\nCR5EAC Agrupamento de Escuteiros de Cantanhede CT1ASP<br \/>\n_Indicativos de Chamada Ocasional_<br \/>\nCR5EAL Agrupamento de Escuteiros da Lourinh\u00e3 CT2GZE<br \/>\nCR5EAN Agrupamento de Escuteiros de Campanh\u00e3 CT1CFX<br \/>\nCR5EAP Agrupamento de Escuteiros de Portim\u00e3o CT1FOE<br \/>\nCR5EAV Agrupamento de Escuteiros de Valbom CT2IIM<br \/>\nCR5EBS Agrupamento de Escuteiros da Serafina CT2JKJ<br \/>\nCR5ECC Agrupamento de Escuteiros da Charneca de Caparica CT2IXQ<br \/>\nCR5ECH Agrupamento de Escuteiros de Chain\u00e7a CT1GIJ<br \/>\nCR5EFF Escoteiros de Portugal &#8211; Figueira da Foz CT2HKY<br \/>\nCR5EMC Agrupamento de Escuteiros de Montes Claros CT2IVZ<br \/>\nCR5EMG Agrupamento de Escuteiros da Marinha Grande CT2JYN<br \/>\nCR5EPC Escoteiros de Portugal &#8211; Cartaxo CT1DUO<br \/>\nCR5EPE Escoteiros de Portugal &#8211; \u00c9vora CT1ABS<br \/>\nCR5EPF Escoteiros de Portugal &#8211; Fern\u00e3o Ferro (em forma\u00e7\u00e3o) CT2HQV<br \/>\nCR5EPG Escoteiros de Portugal &#8211; Guimar\u00e3es CT1FWS<br \/>\nCR5EPM Escoteiros de Portugal &#8211; Miragaia CT2GGZ<br \/>\nCR5EPQ Escoteiros de Portugal &#8211; Quelfes CT4AW<br \/>\nCR5ESC Agrupamento de Escuteiros de Santa Clara CT2KIU<br \/>\nCR5GEM Escoteiros de Portugal -Montijo CT1AIS<br \/>\nCR5JNL Junta de N\u00facleo Litoral CT2HLP<br \/>\nCR5JNM Agrupamento de Escuteiros de Le\u00e7a do Balio CT2IXL<br \/>\nCR5JRA Junta Regional do Algarve CT2KBT<br \/>\nCR5JRP Junta Regional do Porto CT1HXB<br \/>\nCR5JRS Junta Regional de Set\u00fabal CT2HLH<br \/>\nCR5JRV Junta regional de Viseu CT1ASM<br \/>\nCR5LAV Agrupamento de Escuteiros de Lavos CT1KNL<br \/>\nCR5MAR Agrupamento de Escuteiros de S. Mamede de Infesta CT1FYW<br \/>\n_Indicativos de Chamada Ocasional_<br \/>\nCR5MDC Agrupamento de Escuteiros de Me\u00e3s do Campo CT2JTL<br \/>\nCR5MEA Agrupamento de Escuteiros de Meadela CT4SU<br \/>\nCR5NSF Agrupamento de Escuteiros de N\u00aa s\u00aa de F\u00e1tima &#8211; \u00c9vora CT1DWO<br \/>\nCR5PAE Agrupamento de Escuteiros dos Prazeres CT2III<br \/>\nCR5PSI Agrupamento de Escuteiros da P\u00f3voa de Santa Iria CT1DOV<br \/>\nCR5PVZ Agrup.Escuteiros de S. Jos\u00e9 de Ribamar &#8211; P\u00f3voa do Varzim CT2IRR<br \/>\nCR5RST Agrupamento de Escuteiros de Rossio ao Sul do Tejo CT2IOP<br \/>\nCR5SAE Agrupamento de Escuteiros da Silveira CT1EEK<br \/>\nCR5SJR Agrupamento de Escuteiros de S. Jo\u00e3o da Ribeira CT1FKN<br \/>\nCR5SME Escoteiros de Portugal &#8211; S\u00e3o Miguel das Encostas CT2GQI<br \/>\nCR5TAE Agrupamento de Escuteiros do Tramagal CT1EGS<br \/>\nCR5TVR Agrupamento de Escuteiros de Tavira CT2FZY<br \/>\nCR5VAE Agrupamento de Escuteiros de V\u00e1rzea CT7API<br \/>\nCR5VIS Agrupamento de Escuteiros do Viso CT2JKR<br \/>\nCR6AEP Associa\u00e7\u00e3o Escoteiros de Portugal CT1DSV<br \/>\nCR6AGP Associa\u00e7\u00e3o Guias de Portugal CT2HFJ<br \/>\nCR6CNE Corpo Nacional de Escutas CT1ECT<br \/>\nCR6DNR Departamento Nacional de Radioescutismo CT1EPI<br \/>\nCR6JAM Federa\u00e7\u00e3o Escutista de Portugal CT1DJE<\/p>\n<p>&nbsp;<\/p>\n","protected":false},"excerpt":{"rendered":"<p>Aos Radioamadores A publica\u00e7\u00e3o anual Em Frequ\u00eancia que ajuda no JOTA j\u00e1 se encontra dispon\u00edvel, podem visualizar ou baixar em\u00a0http:\/\/dnr.cne-escutismo.pt\/paginainicial\/em-frequencia-2018\/ Com destaque para os seguintes assuntos: &#8211; Abertura e Encerramento. &#8211; Frequ\u00eancias de Chamada. &#8211; Autoriza\u00e7\u00e3o ANACOM. &#8211; Indicativos de Chamada Ocasional. Abertura e Encerramento Como em anos anteriores, a esta\u00e7\u00e3o CR6JAM come\u00e7ar\u00e1 a chamar [&hellip;]<\/p>\n","protected":false},"author":1,"featured_media":3260,"comment_status":"closed","ping_status":"closed","sticky":false,"template":"","format":"standard","meta":{"footnotes":""},"categories":[18,3],"tags":[230,32,165],"class_list":["post-3259","post","type-post","status-publish","format-standard","has-post-thumbnail","hentry","category-radioescutismo","category-rep","tag-redeemissoresportugueses","tag-rede-dos-emissores-portugueses","tag-rep"],"_links":{"self":[{"href":"https:\/\/rep.pt\/wp\/wp-json\/wp\/v2\/posts\/3259","targetHints":{"allow":["GET"]}}],"collection":[{"href":"https:\/\/rep.pt\/wp\/wp-json\/wp\/v2\/posts"}],"about":[{"href":"https:\/\/rep.pt\/wp\/wp-json\/wp\/v2\/types\/post"}],"author":[{"embeddable":true,"href":"https:\/\/rep.pt\/wp\/wp-json\/wp\/v2\/users\/1"}],"replies":[{"embeddable":true,"href":"https:\/\/rep.pt\/wp\/wp-json\/wp\/v2\/comments?post=3259"}],"version-history":[{"count":3,"href":"https:\/\/rep.pt\/wp\/wp-json\/wp\/v2\/posts\/3259\/revisions"}],"predecessor-version":[{"id":3265,"href":"https:\/\/rep.pt\/wp\/wp-json\/wp\/v2\/posts\/3259\/revisions\/3265"}],"wp:featuredmedia":[{"embeddable":true,"href":"https:\/\/rep.pt\/wp\/wp-json\/wp\/v2\/media\/3260"}],"wp:attachment":[{"href":"https:\/\/rep.pt\/wp\/wp-json\/wp\/v2\/media?parent=3259"}],"wp:term":[{"taxonomy":"category","embeddable":true,"href":"https:\/\/rep.pt\/wp\/wp-json\/wp\/v2\/categories?post=3259"},{"taxonomy":"post_tag","embeddable":true,"href":"https:\/\/rep.pt\/wp\/wp-json\/wp\/v2\/tags?post=3259"}],"curies":[{"name":"wp","href":"https:\/\/api.w.org\/{rel}","templated":true}]}}