{"id":4326,"date":"2020-05-15T16:55:38","date_gmt":"2020-05-15T16:55:38","guid":{"rendered":"https:\/\/rep.pt\/wp\/?p=4326"},"modified":"2020-05-15T16:55:40","modified_gmt":"2020-05-15T16:55:40","slug":"dia-internacional-dos-museus-no-museu-faraday","status":"publish","type":"post","link":"https:\/\/rep.pt\/wp\/2020\/05\/15\/dia-internacional-dos-museus-no-museu-faraday\/","title":{"rendered":"Dia Internacional dos Museus no Museu Faraday"},"content":{"rendered":"\n<figure class=\"wp-block-image size-large\"><img loading=\"lazy\" decoding=\"async\" width=\"632\" height=\"293\" src=\"https:\/\/rep.pt\/wp\/wp-content\/uploads\/2020\/05\/ecard_faraday-633x422-1.jpg\" alt=\"\" class=\"wp-image-4327\" srcset=\"https:\/\/rep.pt\/wp\/wp-content\/uploads\/2020\/05\/ecard_faraday-633x422-1.jpg 632w, https:\/\/rep.pt\/wp\/wp-content\/uploads\/2020\/05\/ecard_faraday-633x422-1-300x139.jpg 300w\" sizes=\"auto, (max-width: 632px) 100vw, 632px\" \/><\/figure>\n\n\n\n<p><strong>Dia Internacional dos Museus no Museu Faraday<\/strong><\/p>\n\n\n\n<p>Caro amigo do Museu Faraday<\/p>\n\n\n\n<p>O dia 18 de Maio \u00e9 o Dia Internacional dos Museus. Neste per\u00edodo de confinamento social os museus est\u00e3o fechados, mas o seu pessoal e os seus volunt\u00e1rios continuam a trabalhar para os tornar cada vez mais importantes no futuro das sociedades modernas.<\/p>\n\n\n\n<p>N\u00e3o h\u00e1 visitas f\u00edsicas aos museus mas pode haver visitas pelo pensamento ou virtuais. A mente humana nunca fecha e \u00e9 nestes per\u00edodos adversos que ela \u00e9 mais criativa.<\/p>\n\n\n\n<p>Gostar\u00edamos muito que, numa pequena frase, nos desse a sua opini\u00e3o sobre uma eventual visita que nos tenha feito mas, principalmente, sobre o que foi noticiado sobre o Museu Faraday, expresso em:<\/p>\n\n\n\n<p><a href=\"https:\/\/museufaraday.ist.utl.pt\/Press&amp;Media\/\">https:\/\/museufaraday.ist.utl.pt\/Press&amp;Media\/<\/a><\/p>\n\n\n\n<p>Recolheremos as frases por correio eletr\u00f3nico para o servi\u00e7o educativo dos Museus do IST at\u00e9 dia 20 de maio. E-mail:<\/p>\n\n\n\n<p>&nbsp;<a href=\"mailto:servicoeducativomuseus@tecnico.ulisboa.pt\" target=\"_blank\" rel=\"noreferrer noopener\">servicoeducativomuseus@tecnico.ulisboa.pt<\/a><\/p>\n\n\n\n<p>A equipa da reda\u00e7\u00e3o do Faraday News escolher\u00e1 as melhores frases. Estas ser\u00e3o publicadas no Museu num cartaz especificamente elaborado para o efeito pelo designer gr\u00e1fico Henrique Nogueira.<\/p>\n\n\n\n<p>A melhor frase ser\u00e1 contemplada com um novo cartaz em formato grande da imagem de Faraday que serviu de base para a capa do Faraday News n. 2, tamb\u00e9m elaborada por Henrique Nogueira.<\/p>\n\n\n\n<p>A prop\u00f3sito, pode encontrar os n\u00fameros do Faraday News em:<\/p>\n\n\n\n<p><a href=\"https:\/\/museufaraday.ist.utl.pt\/FaradayNews\/\">https:\/\/museufaraday.ist.utl.pt\/FaradayNews\/<\/a><\/p>\n\n\n\n<p>Agradecemos a sua contribui\u00e7\u00e3o<\/p>\n\n\n\n<p>A Dire\u00e7\u00e3o do Museu Faraday<\/p>\n","protected":false},"excerpt":{"rendered":"<p>Dia Internacional dos Museus no Museu Faraday Caro amigo do Museu Faraday O dia 18 de Maio \u00e9 o Dia Internacional dos Museus. Neste per\u00edodo de confinamento social os museus est\u00e3o fechados, mas o seu pessoal e os seus volunt\u00e1rios continuam a trabalhar para os tornar cada vez mais importantes no futuro das sociedades modernas. [&hellip;]<\/p>\n","protected":false},"author":1,"featured_media":4327,"comment_status":"closed","ping_status":"closed","sticky":false,"template":"","format":"standard","meta":{"footnotes":""},"categories":[281,3],"tags":[293,32,165],"class_list":["post-4326","post","type-post","status-publish","format-standard","has-post-thumbnail","hentry","category-rede-dos-emissores-portugueses","category-rep","tag-museu-faraday","tag-rede-dos-emissores-portugueses","tag-rep"],"_links":{"self":[{"href":"https:\/\/rep.pt\/wp\/wp-json\/wp\/v2\/posts\/4326","targetHints":{"allow":["GET"]}}],"collection":[{"href":"https:\/\/rep.pt\/wp\/wp-json\/wp\/v2\/posts"}],"about":[{"href":"https:\/\/rep.pt\/wp\/wp-json\/wp\/v2\/types\/post"}],"author":[{"embeddable":true,"href":"https:\/\/rep.pt\/wp\/wp-json\/wp\/v2\/users\/1"}],"replies":[{"embeddable":true,"href":"https:\/\/rep.pt\/wp\/wp-json\/wp\/v2\/comments?post=4326"}],"version-history":[{"count":1,"href":"https:\/\/rep.pt\/wp\/wp-json\/wp\/v2\/posts\/4326\/revisions"}],"predecessor-version":[{"id":4328,"href":"https:\/\/rep.pt\/wp\/wp-json\/wp\/v2\/posts\/4326\/revisions\/4328"}],"wp:featuredmedia":[{"embeddable":true,"href":"https:\/\/rep.pt\/wp\/wp-json\/wp\/v2\/media\/4327"}],"wp:attachment":[{"href":"https:\/\/rep.pt\/wp\/wp-json\/wp\/v2\/media?parent=4326"}],"wp:term":[{"taxonomy":"category","embeddable":true,"href":"https:\/\/rep.pt\/wp\/wp-json\/wp\/v2\/categories?post=4326"},{"taxonomy":"post_tag","embeddable":true,"href":"https:\/\/rep.pt\/wp\/wp-json\/wp\/v2\/tags?post=4326"}],"curies":[{"name":"wp","href":"https:\/\/api.w.org\/{rel}","templated":true}]}}