{"id":4587,"date":"2020-12-11T14:09:55","date_gmt":"2020-12-11T14:09:55","guid":{"rendered":"https:\/\/rep.pt\/wp\/?p=4587"},"modified":"2020-12-11T14:09:56","modified_gmt":"2020-12-11T14:09:56","slug":"ariss-slow-scan-tv-sstv-esta-agendado","status":"publish","type":"post","link":"https:\/\/rep.pt\/wp\/2020\/12\/11\/ariss-slow-scan-tv-sstv-esta-agendado\/","title":{"rendered":"ARISS Slow Scan TV (SSTV) est\u00e1 agendado."},"content":{"rendered":"\n<figure class=\"wp-block-image size-large is-resized\"><img loading=\"lazy\" decoding=\"async\" src=\"https:\/\/rep.pt\/wp\/wp-content\/uploads\/2020\/11\/Tela.jpg\" alt=\"\" class=\"wp-image-4550\" width=\"357\" height=\"232\"\/><\/figure>\n\n\n\n<p><em><strong>O evento ARISS Slow Scan TV (SSTV) est\u00e1 agendado na Esta\u00e7\u00e3o Espacial Internacional (ISS) para o final de dezembro.<\/strong>\u00a0<\/em><\/p>\n\n\n\n<p><em>Este ser\u00e1 um evento SSTV especial para comemorar o 20\u00ba\u00a0anivers\u00e1rio da ARISS.\u00a0O evento est\u00e1 programado para come\u00e7ar no dia 24 de dezembro e prosseguir at\u00e9 31 de dezembro de 2020.\u00a0<\/em><\/p>\n\n\n\n<p><em>As datas est\u00e3o sujeitas a altera\u00e7\u00f5es devido a ajustes operacionais do ISS.<\/em><\/p>\n\n\n\n<p><em>Mais informa\u00e7\u00f5es em breve.<\/em><\/p>\n\n\n\n<p><em>Os melhores cumprimentos.<br \/>73 Carlos Nora, CT1END<\/em><\/p>\n\n\n\n<p><em>NNNN<\/em><\/p>\n","protected":false},"excerpt":{"rendered":"<p>O evento ARISS Slow Scan TV (SSTV) est\u00e1 agendado na Esta\u00e7\u00e3o Espacial Internacional (ISS) para o final de dezembro.\u00a0 Este ser\u00e1 um evento SSTV especial para comemorar o 20\u00ba\u00a0anivers\u00e1rio da ARISS.\u00a0O evento est\u00e1 programado para come\u00e7ar no dia 24 de dezembro e prosseguir at\u00e9 31 de dezembro de 2020.\u00a0 As datas est\u00e3o sujeitas a altera\u00e7\u00f5es [&hellip;]<\/p>\n","protected":false},"author":1,"featured_media":2973,"comment_status":"closed","ping_status":"closed","sticky":false,"template":"","format":"standard","meta":{"footnotes":""},"categories":[72],"tags":[186,32,165,149],"class_list":["post-4587","post","type-post","status-publish","format-standard","has-post-thumbnail","hentry","category-rep-ariss","tag-iss","tag-rede-dos-emissores-portugueses","tag-rep","tag-sstv"],"_links":{"self":[{"href":"https:\/\/rep.pt\/wp\/wp-json\/wp\/v2\/posts\/4587","targetHints":{"allow":["GET"]}}],"collection":[{"href":"https:\/\/rep.pt\/wp\/wp-json\/wp\/v2\/posts"}],"about":[{"href":"https:\/\/rep.pt\/wp\/wp-json\/wp\/v2\/types\/post"}],"author":[{"embeddable":true,"href":"https:\/\/rep.pt\/wp\/wp-json\/wp\/v2\/users\/1"}],"replies":[{"embeddable":true,"href":"https:\/\/rep.pt\/wp\/wp-json\/wp\/v2\/comments?post=4587"}],"version-history":[{"count":1,"href":"https:\/\/rep.pt\/wp\/wp-json\/wp\/v2\/posts\/4587\/revisions"}],"predecessor-version":[{"id":4588,"href":"https:\/\/rep.pt\/wp\/wp-json\/wp\/v2\/posts\/4587\/revisions\/4588"}],"wp:featuredmedia":[{"embeddable":true,"href":"https:\/\/rep.pt\/wp\/wp-json\/wp\/v2\/media\/2973"}],"wp:attachment":[{"href":"https:\/\/rep.pt\/wp\/wp-json\/wp\/v2\/media?parent=4587"}],"wp:term":[{"taxonomy":"category","embeddable":true,"href":"https:\/\/rep.pt\/wp\/wp-json\/wp\/v2\/categories?post=4587"},{"taxonomy":"post_tag","embeddable":true,"href":"https:\/\/rep.pt\/wp\/wp-json\/wp\/v2\/tags?post=4587"}],"curies":[{"name":"wp","href":"https:\/\/api.w.org\/{rel}","templated":true}]}}