{"id":6349,"date":"2024-04-05T18:08:51","date_gmt":"2024-04-05T18:08:51","guid":{"rendered":"https:\/\/rep.pt\/wp\/?p=6349"},"modified":"2024-04-11T13:16:21","modified_gmt":"2024-04-11T13:16:21","slug":"35a-exposicao-feira-de-radio-da-rep-informacoes-uteis","status":"publish","type":"post","link":"https:\/\/rep.pt\/wp\/2024\/04\/05\/35a-exposicao-feira-de-radio-da-rep-informacoes-uteis\/","title":{"rendered":"35\u00aa Exposi\u00e7\u00e3o\/Feira de R\u00e1dio da REP"},"content":{"rendered":"\n<figure class=\"wp-block-image size-large\"><img loading=\"lazy\" decoding=\"async\" width=\"1024\" height=\"576\" src=\"https:\/\/rep.pt\/wp\/wp-content\/uploads\/2024\/02\/flyer_xl-1024x576.jpg\" alt=\"\" class=\"wp-image-6336\" srcset=\"https:\/\/rep.pt\/wp\/wp-content\/uploads\/2024\/02\/flyer_xl-1024x576.jpg 1024w, https:\/\/rep.pt\/wp\/wp-content\/uploads\/2024\/02\/flyer_xl-300x169.jpg 300w, https:\/\/rep.pt\/wp\/wp-content\/uploads\/2024\/02\/flyer_xl-1536x864.jpg 1536w, https:\/\/rep.pt\/wp\/wp-content\/uploads\/2024\/02\/flyer_xl-2048x1152.jpg 2048w\" sizes=\"auto, (max-width: 1024px) 100vw, 1024px\" \/><\/figure>\n\n\n\n<p><\/p>\n\n\n\n<figure class=\"wp-block-image size-large\"><img loading=\"lazy\" decoding=\"async\" width=\"1024\" height=\"723\" src=\"https:\/\/rep.pt\/wp\/wp-content\/uploads\/2024\/04\/image-3-1024x723.png\" alt=\"\" class=\"wp-image-6372\" srcset=\"https:\/\/rep.pt\/wp\/wp-content\/uploads\/2024\/04\/image-3-1024x723.png 1024w, https:\/\/rep.pt\/wp\/wp-content\/uploads\/2024\/04\/image-3-300x212.png 300w, https:\/\/rep.pt\/wp\/wp-content\/uploads\/2024\/04\/image-3.png 1117w\" sizes=\"auto, (max-width: 1024px) 100vw, 1024px\" \/><\/figure>\n\n\n\n<figure class=\"wp-block-image size-large\"><img loading=\"lazy\" decoding=\"async\" width=\"812\" height=\"1024\" src=\"https:\/\/rep.pt\/wp\/wp-content\/uploads\/2024\/04\/image-4-812x1024.png\" alt=\"\" class=\"wp-image-6373\" srcset=\"https:\/\/rep.pt\/wp\/wp-content\/uploads\/2024\/04\/image-4-812x1024.png 812w, https:\/\/rep.pt\/wp\/wp-content\/uploads\/2024\/04\/image-4-238x300.png 238w, https:\/\/rep.pt\/wp\/wp-content\/uploads\/2024\/04\/image-4.png 1170w\" sizes=\"auto, (max-width: 812px) 100vw, 812px\" \/><\/figure>\n\n\n\n<figure class=\"wp-block-image size-large\"><img loading=\"lazy\" decoding=\"async\" width=\"1024\" height=\"727\" src=\"https:\/\/rep.pt\/wp\/wp-content\/uploads\/2024\/04\/image-2-1024x727.png\" alt=\"\" class=\"wp-image-6370\" srcset=\"https:\/\/rep.pt\/wp\/wp-content\/uploads\/2024\/04\/image-2-1024x727.png 1024w, https:\/\/rep.pt\/wp\/wp-content\/uploads\/2024\/04\/image-2-300x213.png 300w, https:\/\/rep.pt\/wp\/wp-content\/uploads\/2024\/04\/image-2.png 1115w\" sizes=\"auto, (max-width: 1024px) 100vw, 1024px\" \/><\/figure>\n\n\n\n<p class=\"has-text-align-left\"><em><strong>Prezados Associados<br \/>&nbsp; &nbsp; &nbsp; A REP \u2013 Rede dos Emissores Portugueses vai organizar a sua 35\u00aa Exposi\u00e7\u00e3o\/feira de R\u00e1dio no dia 20 de abril de 2024 das 10h \u00e0s 17h na vila de \u00d3bidos.<br \/>&nbsp; &nbsp; &nbsp;Os associados que pretendam que levemos os vossos cart\u00f5es QSL para levantamento na Feira de R\u00e1dio, agradecemos que nos informem para o nosso endere\u00e7o de e-mail:&nbsp;<a href=\"mailto:rep@rep.pt\" target=\"_blank\" rel=\"noreferrer noopener\">rep@rep.pt<\/a>&nbsp;,&nbsp;<\/strong><\/em><\/p>\n\n\n\n<p class=\"has-text-align-center has-accent-color has-text-color has-link-color wp-elements-fe76d7ecf4280d66be75e05c615d691d\"><em><strong>at\u00e9 ao dia &nbsp;18 de abril de 2024 \u00e0s 12h00.<br \/><\/strong><\/em><\/p>\n\n\n\n<p class=\"has-text-align-left\"><em><strong>Aguardamos a vossa visita com expetativa !<br \/>Os melhores 73.<\/strong><\/em><\/p>\n\n\n\n<p class=\"has-text-align-center\"><em><strong><br \/><br \/><em><strong>REP | Rede dos Emissores Portugueses, desde 1926 a trabalhar no futuro do Radioamador e do Radioamadorismo em Portugal!<\/strong><\/em><\/strong><\/em><\/p>\n\n\n\n<figure class=\"wp-block-image size-large\"><img loading=\"lazy\" decoding=\"async\" width=\"1024\" height=\"718\" src=\"https:\/\/rep.pt\/wp\/wp-content\/uploads\/2024\/04\/image-1024x718.png\" alt=\"\" class=\"wp-image-6366\" srcset=\"https:\/\/rep.pt\/wp\/wp-content\/uploads\/2024\/04\/image-1024x718.png 1024w, https:\/\/rep.pt\/wp\/wp-content\/uploads\/2024\/04\/image-300x210.png 300w, https:\/\/rep.pt\/wp\/wp-content\/uploads\/2024\/04\/image.png 1119w\" sizes=\"auto, (max-width: 1024px) 100vw, 1024px\" \/><\/figure>\n\n\n\n<p>_________________________________________________________________________________________<\/p>\n\n\n\n<p><strong>Caros Radioamadores, R\u00e1dio-Operadores, Expositores e todos os entusiastas das Radiocomunica\u00e7\u00f5es.<\/strong><\/p>\n\n\n\n<p><strong>A Rede dos Emissores Portugueses vem informar dos expositores confirmados na nossa 35\u00aa Exposi\u00e7\u00e3o\/Feira de R\u00e1dio&nbsp;<\/strong><\/p>\n\n\n\n<p><strong><em>&#8211; Germano Lopes Lda, representante da marca YAESU em Portugal.<\/em><\/strong><\/p>\n\n\n\n<p><strong><em>&#8211; Naucom Lda, representante da marca ICOM em Portugal.<\/em><\/strong><\/p>\n\n\n\n<p><strong><em>&#8211; DXPatrol, empresa inovadora e tecnol\u00f3gica.&nbsp;<\/em><\/strong><\/p>\n\n\n\n<p><strong><em>&#8211; InforBatista, fornecedor de produtos e servi\u00e7os de forma integrada.<\/em><\/strong><\/p>\n\n\n\n<p><strong><em>&#8211; SMH , representante das marcas RM Italy, CRT France e SIRIO Antenne.<\/em><\/strong><\/p>\n\n\n\n<p><em><strong>Expositores das esta\u00e7\u00f5es CT2FFC, CT1ENF, CT2HQS e ainda&nbsp;<\/strong><strong>JSIO-IoT Hassle Free , Helder Abrantes.<\/strong><\/em><\/p>\n\n\n\n<p class=\"has-text-align-center has-accent-color has-text-color has-link-color wp-elements-53193fd6b1026c26556ecfbd962ff297\"><em><strong>&nbsp;*** LOTA\u00c7\u00c3O ESGOTADA P\/ EXPOSITORES ***<\/strong><\/em><\/p>\n\n\n\n<p class=\"has-text-align-center has-accent-color has-highlight-background-color has-text-color has-background has-link-color has-medium-font-size wp-elements-2b6055370ac71640dee092d143019d3f\"><strong>Contamos com a colabora\u00e7\u00e3o de Miguel Silvestre para uma visita guiada e gratuita&nbsp;\u00e0 vila de \u00d3bidos e locais hist\u00f3ricos&nbsp;<\/strong> <strong>para os acompanhantes dos visitantes.&nbsp;<\/strong> <strong>                                                                                                                                                                                 (dirija-se \u00e0 mesa da organiza\u00e7\u00e3o para informa\u00e7\u00e3o)<\/strong><\/p>\n\n\n\n<p><strong>Agradecemos a partilha e divulga\u00e7\u00e3o deste nosso evento.<\/strong><\/p>\n\n\n\n<p><strong>Contactos para informa\u00e7\u00f5es via&nbsp;<\/strong><strong>E-Mail: rep (at)&nbsp;<a href=\"http:\/\/rep.pt\/\" target=\"_blank\" rel=\"noreferrer noopener\">rep.pt<\/a><\/strong><\/p>\n\n\n\n<p><strong>Informa\u00e7\u00f5es \u00fateis para a 35\u00aa Exposi\u00e7\u00e3o\/Feira da R\u00e1dio<\/strong><\/p>\n\n\n\n<p><strong>Dia 20 de abril de 2024&nbsp;&nbsp;<\/strong><strong>&nbsp;(S\u00e1bado)<\/strong><\/p>\n\n\n\n<p><strong>Pavilh\u00e3o da Pra\u00e7a da Criatividade, \u00d3bidos<\/strong><\/p>\n\n\n\n<p><strong>O hor\u00e1rio ser\u00e1 das 10:00 e \u00e0s 17:00 horas.<\/strong><\/p>\n\n\n\n<p><strong>Para a montagem das mesas dos expositores estaremos dispon\u00edveis a partir das 08:30 horas do dia 20 de abril.<\/strong><\/p>\n\n\n\n<p class=\"has-text-align-center has-white-color has-accent-background-color has-text-color has-background has-link-color has-large-font-size wp-elements-b0b7b606a6abb2dbfc5e0553d8a8f130\"><strong><s>Efetue a sua reserva, se ainda n\u00e3o o fez !<\/s><\/strong><\/p>\n\n\n\n<p class=\"has-accent-color has-text-color has-link-color wp-elements-d91b2255bbae7c16a034964b9694fed0\"><strong><u>Chamada Geral                 <\/u><\/strong><strong><u>CQ CQ CQ CR50Y<\/u>                           <\/strong><strong><u>CQ CQ CQ CR50Y<\/u><\/strong><\/p>\n\n\n\n<p class=\"has-primary-color has-text-color has-link-color wp-elements-aff4c098a6c25835a8bdf58fadb47ac1\"><em><u>Vamos ter uma esta\u00e7\u00e3o de HF-VHF-UHF em formato de campanha, num evento dos 50 anos do 25 de abril de 1974.<br \/><\/u><\/em><em><u>Convidamos todos os radioamadores a virem operar,&nbsp;<strong>em particular&nbsp;os CR\u00b4s&nbsp;<\/strong>que estar\u00e3o acompanhados por outros Radioamadores<\/u><\/em><\/p>\n\n\n\n<p><strong>BEM-VINDO A \u00d3BIDOS<\/strong><br \/>\u00d3bidos \u00e9 uma das vilas mais pitorescas e bem preservadas de Portugal.<\/p>\n\n\n\n<p>Gozando de uma excelente localiza\u00e7\u00e3o junto ao mar e com os bra\u00e7os da Lagoa a chegar ao seu morro, estas terras desde sempre foram habitadas, o que se confirma pelos in\u00fameros vest\u00edgios arqueol\u00f3gicos identificados no Concelho de \u00d3bidos, desde o Paleol\u00edtico Inferior passando pela Pr\u00e9-hist\u00f3ria recente at\u00e9 ao per\u00edodo romano.<\/p>\n\n\n\n<p>Dentro das muralhas, encontramos um castelo bem conservado e um labirinto de ruas e casas brancas que encantam quem por ali se passeia. Dos recantos e jardins fechados da zona da antiga medina \u00e0 presen\u00e7a do G\u00f3tico, passando pelo renascimento e Barroco, a Vila \u00e9 uma extensa obra de arte talhada, reconstru\u00edda ao longo de v\u00e1rios s\u00e9culos.<\/p>\n\n\n\n<p>Ao visitar o concelho de \u00d3bidos, o visitante encontrar\u00e1 um conjunto diversificado de locais para desfrutar e atividades para desenvolver, desde culturais ou atividades ao ar livre, ou at\u00e9 a uma partida de golfe com vista para o oceano atl\u00e2ntico.<\/p>\n\n\n\n<p>Qualquer altura \u00e9 boa para visitar \u00d3bidos! Pelas hist\u00f3rias de amor que a\u00ed se contam e pelo ambiente medieval, \u00e9 uma sugest\u00e3o inspiradora para um fim-de-semana rom\u00e2ntico. E se incluir uma noite de alojamento no castelo, ent\u00e3o o cen\u00e1rio ser\u00e1 perfeito.<\/p>\n\n\n\n<p>No que diz respeito \u00e0 gastronomia local, delicie-se com a nossa caldeirada de peixe da Lagoa de \u00d3bidos. Para terminar a refei\u00e7\u00e3o, porque n\u00e3o experimentar a famosa Ginjinha de \u00d3bidos, que se pode apreciar em v\u00e1rios locais, de prefer\u00eancia num copinho de chocolate.<\/p>\n\n\n\n<p>Esta heran\u00e7a hist\u00f3rica de outras \u00e9pocas, associada \u00e0 din\u00e2mica de programa\u00e7\u00e3o cultural de hoje, tornam \u00d3bidos num grande p\u00f3lo de atra\u00e7\u00e3o tur\u00edstica.<\/p>\n\n\n\n<p>Uma visita a n\u00e3o perder! Aguardamos por si!<\/p>\n\n\n\n<p>Mais informa\u00e7\u00f5es em&nbsp;<a href=\"https:\/\/turismo.obidos.pt\/\" target=\"_blank\" rel=\"noreferrer noopener\">https:\/\/turismo.obidos.pt\/<\/a><br \/><strong><br \/>COMO CHEGAR<\/strong><br \/>\u00d3bidos goza de uma localiza\u00e7\u00e3o privilegiada, estando localizada a cerca de 80 quil\u00f3metros a norte de Lisboa.<\/p>\n\n\n\n<p>De autom\u00f3vel<br \/>Para quem se desloca do Sul, a melhor forma \u00e9 seguir pela autoestrada A8 na dire\u00e7\u00e3o \u201cNorte\u201d e sair na primeira sa\u00edda para \u201c\u00d3bidos\u201d. Sa\u00edda 15.<br \/>Para quem se desloca do Norte, vindo pela A8, deve sair na segunda sa\u00edda para \u201c\u00d3bidos\u201d.<br \/>J\u00e1 para quem vem do interior do pa\u00eds, pela autoestrada A15 (com in\u00edcio em Santar\u00e9m), dever\u00e1 depois seguir pela A8 na dire\u00e7\u00e3o \u201cSul\u201d e sair na primeira sa\u00edda para \u201c\u00d3bidos\u201d.<br \/>Pela estrada nacional o acesso \u00e0 Vila \u00e9 efetuado pela estrada Nacional 8.<\/p>\n\n\n\n<p>De autocarro<br \/>\u00d3bidos \u00e9 servida pela empresa Rodovi\u00e1ria do Oeste. A paragem dos autocarros localiza-se somente a cerca de 100metros do centro hist\u00f3rico, fazendo desta uma excelente alternativa para chegar \u00e0 Vila. Existem dezenas de conex\u00f5es di\u00e1rias entre Lisboa e a Vila, por exemplo.<br \/>Para mais informa\u00e7\u00f5es acerca dos autocarros e respetivos hor\u00e1rios consulte o site&nbsp;<a href=\"http:\/\/www.rodoviariadooeste.pt\/\" target=\"_blank\" rel=\"noreferrer noopener\">www.rodoviariadooeste.pt<\/a><\/p>\n\n\n\n<p>De comboio<br \/>O transporte ferrovi\u00e1rio \u00e9 outra das alternativas para quem pretende visitar a Vila. Caso opte por este meio de transporte e vier do Sul, apanhe a linha do Oeste (cerca de duas horas e meia entre Lisboa e \u00d3bidos). O mesmo se verifica se vier do Norte: Apanhe a linha do Oeste (passando pela Figueira da Foz ou por Coimbra B em dire\u00e7\u00e3o a Leiria e depois a \u00d3bidos).<br \/>A esta\u00e7\u00e3o ferrovi\u00e1ria de \u00d3bidos fica localizada a cerca de 1km do centro hist\u00f3rico.<br \/>Para mais informa\u00e7\u00f5es acerca dos comboios e respetivos hor\u00e1rios consulte o site&nbsp;<a href=\"http:\/\/www.cp.pt\/\" target=\"_blank\" rel=\"noreferrer noopener\">www.cp.pt<\/a><\/p>\n\n\n\n<p class=\"has-white-color has-tertiary-background-color has-text-color has-background has-link-color wp-elements-3117bac0e9cbbb524b97f5ce86ba01da\"><strong><u>EXPOSITORES<\/u><\/strong><br \/>Entrada na Pra\u00e7a da Criatividade nas coordenadas 39.359712, -9.156714 , dirigem-se \u00e0s traseiras do edif\u00edcio principal, descarregam a viatura e retiram a viatura para o estacionamento logo acima da Pra\u00e7a, podem regressar pelo acesso pedonal (escadas).<\/p>\n\n\n\n<p><img loading=\"lazy\" decoding=\"async\" src=\"https:\/\/mail.google.com\/mail\/u\/0?ui=2&amp;ik=1b2b5f3df0&amp;attid=0.0.1&amp;permmsgid=msg-f:1793054926373527447&amp;th=18e235f49d421f97&amp;view=fimg&amp;fur=ip&amp;sz=s0-l75-ft&amp;attbid=ANGjdJ9IyfOjtJGO6Nd1WRyX1_hV52s9zF1W1BlA3L_kOz2ZDIeqGto3JqMot664QrFKPjmcyAR6QHioBKIELTHPTw9BubEF_1PiMYkfk1F3z49i4lhg3Yo0ajAGr7c&amp;disp=emb&amp;realattid=ii_lta9939t1\" alt=\"image.png\" width=\"481\" height=\"331\"\/><\/p>\n\n\n\n<p><img loading=\"lazy\" decoding=\"async\" src=\"https:\/\/mail.google.com\/mail\/u\/0?ui=2&amp;ik=1b2b5f3df0&amp;attid=0.0.2&amp;permmsgid=msg-f:1793054926373527447&amp;th=18e235f49d421f97&amp;view=fimg&amp;fur=ip&amp;sz=s0-l75-ft&amp;attbid=ANGjdJ9tvcDSn9cSQq5uCFjoBeAhhG3xEkH-rzWKa533dllMGZw4j3x4q4Zr61tWmTalu4wVAlx4TRIpnQHcJb9qJh-4JhXs24qQwlAa5e3Pgjt-cf3OQWQJVbwZJcM&amp;disp=emb&amp;realattid=ii_lta9c12l2\" alt=\"image.png\" width=\"446\" height=\"562\"\/><\/p>\n\n\n\n<p class=\"has-white-color has-tertiary-background-color has-text-color has-background has-link-color wp-elements-7fcf18a0689321700e1949242fcbe39a\">Entrada do parque estacionamento.<br \/>Junto \u00e0 CGD<br \/><img decoding=\"async\" src=\"https:\/\/mail.google.com\/mail\/u\/0?ui=2&amp;ik=1b2b5f3df0&amp;attid=0.0.3&amp;permmsgid=msg-f:1793054926373527447&amp;th=18e235f49d421f97&amp;view=fimg&amp;fur=ip&amp;sz=s0-l75-ft&amp;attbid=ANGjdJ-L-id9Jv7EBhI7XAR2osnLRsoRf7jNgT4EFMa0Wk9uQzF7MArdEXy1Px79-zK4SuSW6s7j93ax9k6G6vVdz5iqnTEPkIUmen6klnJS6qs4GJKXEvb_Bxb7meo&amp;disp=emb&amp;realattid=ii_lta9opob4\" alt=\"image.png\"\/><\/p>\n\n\n\n<p class=\"has-text-align-center has-black-color has-gray-background-color has-text-color has-background has-link-color has-large-font-size wp-elements-568711d4f3969b48fb28a4a228a34ff2\"><strong>Contactos para informa\u00e7\u00f5es via&nbsp;<\/strong><strong>E-Mail: <\/strong><\/p>\n\n\n\n<p class=\"has-text-align-center has-black-color has-gray-background-color has-text-color has-background has-link-color has-large-font-size wp-elements-e21c280a1d738952fccd176c2b708069\"><strong>rep (at)&nbsp;<a href=\"http:\/\/rep.pt\/\" target=\"_blank\" rel=\"noreferrer noopener\">rep.pt<\/a><\/strong><\/p>\n","protected":false},"excerpt":{"rendered":"<p>Prezados Associados&nbsp; &nbsp; &nbsp; A REP \u2013 Rede dos Emissores Portugueses vai organizar a sua 35\u00aa Exposi\u00e7\u00e3o\/feira de R\u00e1dio no dia 20 de abril de 2024 das 10h \u00e0s 17h na vila de \u00d3bidos.&nbsp; &nbsp; &nbsp;Os associados que pretendam que levemos os vossos cart\u00f5es QSL para levantamento na Feira de R\u00e1dio, agradecemos que nos informem [&hellip;]<\/p>\n","protected":false},"author":1,"featured_media":5450,"comment_status":"closed","ping_status":"closed","sticky":false,"template":"","format":"standard","meta":{"footnotes":""},"categories":[120,3],"tags":[111,32,165],"class_list":["post-6349","post","type-post","status-publish","format-standard","has-post-thumbnail","hentry","category-feiras-radio","category-rep","tag-feiras-de-radio","tag-rede-dos-emissores-portugueses","tag-rep"],"_links":{"self":[{"href":"https:\/\/rep.pt\/wp\/wp-json\/wp\/v2\/posts\/6349","targetHints":{"allow":["GET"]}}],"collection":[{"href":"https:\/\/rep.pt\/wp\/wp-json\/wp\/v2\/posts"}],"about":[{"href":"https:\/\/rep.pt\/wp\/wp-json\/wp\/v2\/types\/post"}],"author":[{"embeddable":true,"href":"https:\/\/rep.pt\/wp\/wp-json\/wp\/v2\/users\/1"}],"replies":[{"embeddable":true,"href":"https:\/\/rep.pt\/wp\/wp-json\/wp\/v2\/comments?post=6349"}],"version-history":[{"count":4,"href":"https:\/\/rep.pt\/wp\/wp-json\/wp\/v2\/posts\/6349\/revisions"}],"predecessor-version":[{"id":6374,"href":"https:\/\/rep.pt\/wp\/wp-json\/wp\/v2\/posts\/6349\/revisions\/6374"}],"wp:featuredmedia":[{"embeddable":true,"href":"https:\/\/rep.pt\/wp\/wp-json\/wp\/v2\/media\/5450"}],"wp:attachment":[{"href":"https:\/\/rep.pt\/wp\/wp-json\/wp\/v2\/media?parent=6349"}],"wp:term":[{"taxonomy":"category","embeddable":true,"href":"https:\/\/rep.pt\/wp\/wp-json\/wp\/v2\/categories?post=6349"},{"taxonomy":"post_tag","embeddable":true,"href":"https:\/\/rep.pt\/wp\/wp-json\/wp\/v2\/tags?post=6349"}],"curies":[{"name":"wp","href":"https:\/\/api.w.org\/{rel}","templated":true}]}}