{"id":6794,"date":"2025-05-16T16:27:57","date_gmt":"2025-05-16T16:27:57","guid":{"rendered":"https:\/\/rep.pt\/wp\/?p=6794"},"modified":"2025-05-16T16:29:12","modified_gmt":"2025-05-16T16:29:12","slug":"novo-equipamento-repetidor-multimodo-d-star-analogico-da-rep-no-pragal","status":"publish","type":"post","link":"https:\/\/rep.pt\/wp\/2025\/05\/16\/novo-equipamento-repetidor-multimodo-d-star-analogico-da-rep-no-pragal\/","title":{"rendered":"Novo equipamento repetidor multimodo D-STAR\/anal\u00f3gico da REP no Pragal"},"content":{"rendered":"\n<figure class=\"wp-block-image size-full\"><img loading=\"lazy\" decoding=\"async\" width=\"409\" height=\"486\" src=\"https:\/\/rep.pt\/wp\/wp-content\/uploads\/2025\/05\/image-8.png\" alt=\"\" class=\"wp-image-6797\" srcset=\"https:\/\/rep.pt\/wp\/wp-content\/uploads\/2025\/05\/image-8.png 409w, https:\/\/rep.pt\/wp\/wp-content\/uploads\/2025\/05\/image-8-252x300.png 252w\" sizes=\"auto, (max-width: 409px) 100vw, 409px\" \/><\/figure>\n\n\n\n<p><em>A REP \u2013 Rede dos Emissores Portugueses acaba de colocar em funcionamento um novo repetidor multi modo D-STAR\/Anal\u00f3gico na zona do Pragal, em Almada. Este novo equipamento vem substituir o anterior repetidor exclusivamente anal\u00f3gico que ali operava, oferecendo agora funcionalidades digitais e maior flexibilidade de opera\u00e7\u00e3o.<br \/><br \/>O novo equipamento repetidor est\u00e1 integrado na rede HAMNET, sendo o primeiro repetidor D-STAR em Portugal com liga\u00e7\u00e3o direta a esta infraestrutura digital, podem seguir a dashboard em&nbsp;<a href=\"http:\/\/dstar.cq0rep.hamnet.radio\/\" target=\"_blank\" rel=\"noreferrer noopener\">http:\/\/dstar.cq0rep.hamnet.radio\/<\/a>&nbsp;(s\u00f3 funciona na rede HAMNET).<br \/><br \/>&nbsp;Em modo digital D-STAR, o repetidor est\u00e1 atualmente ligado ao refletor REF095, facilitando comunica\u00e7\u00f5es digitais de longo alcance e liga\u00e7\u00e3o com outros repetidores nacionais e internacionais.<br \/>Este \u00e9 mais um passo da REP na moderniza\u00e7\u00e3o e integra\u00e7\u00e3o digital das suas infra estruturas, promovendo o acesso a tecnologias modernas sem esquecer a compatibilidade com os modos anal\u00f3gicos tradicionais.<br \/>E mantendo a sua opera\u00e7\u00e3o em caso de falha de energia el\u00e9trica com sustenta\u00e7\u00e3o no gerador da entidade do alojamento.<\/em><\/p>\n\n\n\n<p><img loading=\"lazy\" decoding=\"async\" width=\"562\" height=\"473\" src=\"https:\/\/mail.google.com\/mail\/u\/0?ui=2&amp;ik=1b2b5f3df0&amp;attid=0.1&amp;permmsgid=msg-f:1832294200695467127&amp;th=196d9dde1c762c77&amp;view=fimg&amp;fur=ip&amp;permmsgid=msg-f:1832294200695467127&amp;sz=s0-l75-ft&amp;attbid=ANGjdJ_e98szcsKx4zwyXdxseGobZcFvhSFwbV4L52KIEpicxMY-ktGNWXmskMCZ2wHB-VtvUmvf7212IArUSCz13IFGcjSadCRnxUiDYtggftBKpoeUTxGBAYH7CdQ&amp;disp=emb&amp;realattid=ii_maqzrbbb1&amp;zw\" alt=\"image.png\"\/><br \/><em>Indicativo: CQ0UREP<br \/>Frequ\u00eancia de acesso (TX\/RX): 439,0250 \/ 431,4250 MHz<br \/>Tom de acesso (CTCSS): 74,4 Hz<br \/>PAR (Pot\u00eancia Aparente Radiada): 25 W<br \/>Modos suportados: D-STAR \/ FM Anal\u00f3gico<br \/>Ligado \u00e0 HAMNET e ao refletor REF095 (em D-STAR)<br \/><br \/>A REP agradece todo o trabalho empenhado da equipa de radioamadores: CT1FHW, CT1CVT, CT7ABD, CT2GQI e ainda o apoio da empresa NAUCOM e do seu gerente Avelino Barrote &#8211; CT1CHS.<\/em><\/p>\n\n\n\n<figure class=\"wp-block-image\"><img decoding=\"async\" src=\"https:\/\/mail.google.com\/mail\/u\/0?ui=2&amp;ik=1b2b5f3df0&amp;attid=0.2&amp;permmsgid=msg-f:1832294200695467127&amp;th=196d9dde1c762c77&amp;view=fimg&amp;fur=ip&amp;permmsgid=msg-f:1832294200695467127&amp;sz=s0-l75-ft&amp;attbid=ANGjdJ__ShDGloRhtoFzrxJx220EeAB4DDaBnNJZBnBubr5e6Y3NdfmsLfAz4SiMOfj_GkdIOMvqC8J7GEvNPErhWRin4UnVma4c1RCvlxPdX82qgLetmZjjSndyF6s&amp;disp=emb&amp;realattid=ii_maqzvq4b2&amp;zw\" alt=\"8fec485b-a268-482a-acdd-b24576a2f50a.jpg\"\/><\/figure>\n\n\n\n<figure class=\"wp-block-table\"><table class=\"has-fixed-layout\"><tbody><tr><td><em>Os melhores cumprimentos e agradecimentos.<\/em><strong><em><br \/>Pela Dire\u00e7\u00e3o<\/em><\/strong><br \/><em>Carlos Nora\u00a0| CT1END<\/em><br \/><em>Presidente de Dire\u00e7\u00e3o\u00a0<\/em><\/td><\/tr><\/tbody><\/table><\/figure>\n\n\n\n<p><\/p>\n","protected":false},"excerpt":{"rendered":"<p>A REP \u2013 Rede dos Emissores Portugueses acaba de colocar em funcionamento um novo repetidor multi modo D-STAR\/Anal\u00f3gico na zona do Pragal, em Almada. Este novo equipamento vem substituir o anterior repetidor exclusivamente anal\u00f3gico que ali operava, oferecendo agora funcionalidades digitais e maior flexibilidade de opera\u00e7\u00e3o. O novo equipamento repetidor est\u00e1 integrado na rede HAMNET, [&hellip;]<\/p>\n","protected":false},"author":1,"featured_media":6797,"comment_status":"closed","ping_status":"closed","sticky":false,"template":"","format":"standard","meta":{"footnotes":""},"categories":[23,3],"tags":[367,172,32,165],"class_list":["post-6794","post","type-post","status-publish","format-standard","has-post-thumbnail","hentry","category-d-star","category-rep","tag-cq0urep","tag-d-star","tag-rede-dos-emissores-portugueses","tag-rep"],"_links":{"self":[{"href":"https:\/\/rep.pt\/wp\/wp-json\/wp\/v2\/posts\/6794","targetHints":{"allow":["GET"]}}],"collection":[{"href":"https:\/\/rep.pt\/wp\/wp-json\/wp\/v2\/posts"}],"about":[{"href":"https:\/\/rep.pt\/wp\/wp-json\/wp\/v2\/types\/post"}],"author":[{"embeddable":true,"href":"https:\/\/rep.pt\/wp\/wp-json\/wp\/v2\/users\/1"}],"replies":[{"embeddable":true,"href":"https:\/\/rep.pt\/wp\/wp-json\/wp\/v2\/comments?post=6794"}],"version-history":[{"count":1,"href":"https:\/\/rep.pt\/wp\/wp-json\/wp\/v2\/posts\/6794\/revisions"}],"predecessor-version":[{"id":6798,"href":"https:\/\/rep.pt\/wp\/wp-json\/wp\/v2\/posts\/6794\/revisions\/6798"}],"wp:featuredmedia":[{"embeddable":true,"href":"https:\/\/rep.pt\/wp\/wp-json\/wp\/v2\/media\/6797"}],"wp:attachment":[{"href":"https:\/\/rep.pt\/wp\/wp-json\/wp\/v2\/media?parent=6794"}],"wp:term":[{"taxonomy":"category","embeddable":true,"href":"https:\/\/rep.pt\/wp\/wp-json\/wp\/v2\/categories?post=6794"},{"taxonomy":"post_tag","embeddable":true,"href":"https:\/\/rep.pt\/wp\/wp-json\/wp\/v2\/tags?post=6794"}],"curies":[{"name":"wp","href":"https:\/\/api.w.org\/{rel}","templated":true}]}}