{"id":7000,"date":"2025-07-10T09:51:18","date_gmt":"2025-07-10T09:51:18","guid":{"rendered":"https:\/\/rep.pt\/wp\/?p=7000"},"modified":"2025-07-10T09:52:02","modified_gmt":"2025-07-10T09:52:02","slug":"ariss-iss-sstv-14-a-20-de-julho-de-2025","status":"publish","type":"post","link":"https:\/\/rep.pt\/wp\/2025\/07\/10\/ariss-iss-sstv-14-a-20-de-julho-de-2025\/","title":{"rendered":"ARISS ISS SSTV 14 a 20 de julho de 2025"},"content":{"rendered":"\n<figure class=\"wp-block-image size-full\"><img loading=\"lazy\" decoding=\"async\" width=\"555\" height=\"149\" src=\"https:\/\/rep.pt\/wp\/wp-content\/uploads\/2024\/06\/REP-ARISS-Europe-Portugal.png\" alt=\"\" class=\"wp-image-6441\" srcset=\"https:\/\/rep.pt\/wp\/wp-content\/uploads\/2024\/06\/REP-ARISS-Europe-Portugal.png 555w, https:\/\/rep.pt\/wp\/wp-content\/uploads\/2024\/06\/REP-ARISS-Europe-Portugal-300x81.png 300w\" sizes=\"auto, (max-width: 555px) 100vw, 555px\" \/><\/figure>\n\n\n\n<figure class=\"wp-block-image size-large\"><img loading=\"lazy\" decoding=\"async\" width=\"1024\" height=\"1024\" src=\"https:\/\/rep.pt\/wp\/wp-content\/uploads\/2025\/07\/image-2-1024x1024.png\" alt=\"\" class=\"wp-image-7001\" srcset=\"https:\/\/rep.pt\/wp\/wp-content\/uploads\/2025\/07\/image-2-1024x1024.png 1024w, https:\/\/rep.pt\/wp\/wp-content\/uploads\/2025\/07\/image-2-300x300.png 300w, https:\/\/rep.pt\/wp\/wp-content\/uploads\/2025\/07\/image-2-100x100.png 100w, https:\/\/rep.pt\/wp\/wp-content\/uploads\/2025\/07\/image-2.png 1080w\" sizes=\"auto, (max-width: 1024px) 100vw, 1024px\" \/><\/figure>\n\n\n\n<p><strong><em>ARISS International<\/em><\/strong><\/p>\n\n\n\n<p><a href=\"https:\/\/www.ariss.org\/upcoming-sstv-events.html\">https:\/\/www.ariss.org\/upcoming-sstv-events.html<\/a><\/p>\n\n\n\n<p><em>A ARISS est\u00e1 planeando um evento SSTV de segunda-feira, 14 de julho de 2025, a domingo, 20 de julho de 2025.&nbsp;<\/em><\/p>\n\n\n\n<p><em>O tema ser\u00e1 o 50\u00ba anivers\u00e1rio do ASTP e o 40\u00ba anivers\u00e1rio do STS-51F. O STS-51F foi o segundo voo SAREX e o primeiro uso de SSTV em voos espaciais tripulados.<\/em><\/p>\n\n\n\n<p><em><strong>\u2013 \u00faltimas informa\u00e7\u00f5es\u00a0:<\/strong>\u00a0hor\u00e1rio\u00a0de in\u00edcio das transmiss\u00f5es\u00a0<strong>14 de julho<\/strong>\u00a0, n\u00e3o 9:15 UTC, devido a outras atividades na ISS, mas\u00a0<strong>16:05 UTC<\/strong>\u00a0;<\/em><\/p>\n\n\n\n<p><em><strong>\u2013<\/strong>\u00a0o hor\u00e1rio\u00a0de t\u00e9rmino ser\u00e1\u00a0<strong>20 de julho\u00a0de 2025,\u00a018:00 UTC<\/strong>\u00a0.<\/em><\/p>\n\n\n\n<p><em>Na ISS, ser\u00e1 utilizado o r\u00e1dio do M\u00f3dulo de Servi\u00e7o, o indicativo ISS ser\u00e1 RS0ISS; as imagens ser\u00e3o transmitidas em 145.800 MHz FM, o modo SSTV ser\u00e1 PD120.<\/em><\/p>\n\n\n\n<p><em>Todos est\u00e3o convidados a enviar imagens decodificadas na galeria ARISS:\u00a0<a href=\"http:\/\/issfanclub.eu\/?action=user_content_redirect&amp;uuid=ce8a7241eeb752a1945e3cf8da26b4106a4f4f5a32e636f31fb88c7fef3c19ee&amp;blog_id=156240690&amp;post_id=77467&amp;user_id=104275798&amp;subs_id=205080024&amp;signature=7b9d9b8aebcf3f8ad61e30270750da89&amp;email_name=new-post&amp;user_email=ct1end@gmail.com&amp;encoded_url=aHR0cHM6Ly9hcmlzcy11c2Eub3JnL0FSSVNTX1NTVFYvOw=&amp;email_id=b66b83cbe82453340317d0bb9b19f45b\" target=\"_blank\" rel=\"noreferrer noopener\">https:\/\/ariss-usa.org\/ARISS_SSTV\/;<\/a>\u00a0depois de enviar, basta clicar no bot\u00e3o dedicado para se candidatar ao pr\u00e9mio oficial ARISS SSTV. <\/em><\/p>\n\n\n\n<p><em>Voc\u00ea tamb\u00e9m pode solicitar o ARISS QSL entrando em contato com o escrit\u00f3rio do seu pa\u00eds:\u00a0<a href=\"http:\/\/issfanclub.eu\/?action=user_content_redirect&amp;uuid=06005635d6c30a2f6d831bc132d0e15760f61621198a8b8283b050514d533637&amp;blog_id=156240690&amp;post_id=77467&amp;user_id=104275798&amp;subs_id=205080024&amp;signature=ec96b177fa00aa784babd8b98d3d7934&amp;email_name=new-post&amp;user_email=ct1end@gmail.com&amp;encoded_url=aHR0cHM6Ly93d3cuYXJpc3Mub3JnL3FzbC1jYXJkcy5odG1s&amp;email_id=b66b83cbe82453340317d0bb9b19f45b\" target=\"_blank\" rel=\"noreferrer noopener\">https:\/\/www.ariss.org\/qsl-cards.html<\/a> <\/em><\/p>\n\n\n\n<p><em>Para dar suporte a todos os interessados em tais eventos, a Ag\u00eancia Espacial Europeia lan\u00e7ou tutoriais sobre como receber imagens transmitidas por r\u00e1dio amador pela Esta\u00e7\u00e3o Espacial Internacional: voc\u00ea pode encontr\u00e1-los em\u00a0<a href=\"http:\/\/issfanclub.eu\/?action=user_content_redirect&amp;uuid=e82665d4d2b477211c2c633d27d0047125ca53018c99cde4b00b0794834db0fe&amp;blog_id=156240690&amp;post_id=77467&amp;user_id=104275798&amp;subs_id=205080024&amp;signature=ae6e95a2e58a7b7ba138aeb27dc6d8b7&amp;email_name=new-post&amp;user_email=ct1end@gmail.com&amp;encoded_url=aHR0cHM6Ly9pc3NmYW5jbHViLmV1LzIwMjQvMTEvMDgvZXNhLXRpcHMtaG93LXRvLWdldC1waWN0dXJlcy1mcm9tLXRoZS1pbnRlcm5hdGlvbmFsLXNwYWNlLXN0YXRpb24tdmlhLWFtYXRldXItcmFkaW8tMi8&amp;email_id=b66b83cbe82453340317d0bb9b19f45b\" target=\"_blank\" rel=\"noreferrer noopener\">https:\/\/issfanclub.eu\/2024\/11\/08\/esa-tips-how-to-get-pictures-from-the-international-space-station-via-amateur-radio-2\/<\/a><\/em><\/p>\n\n\n\n<p><em>Al\u00e9m disso, para quem n\u00e3o tiver equipamentos, \u00e9 sempre poss\u00edvel decodificar os sinais de \u00e1udio provenientes do WebSDR na Esta\u00e7\u00e3o Terrestre de Goonhilly\u00a0<a href=\"https:\/\/vhf-goonhilly.batc.org.uk\/\" target=\"_blank\" rel=\"noreferrer noopener\">https:\/\/vhf-goonhilly.batc.org.uk\/<\/a><\/em><\/p>\n\n\n\n<p>#redeemissoresportugueses<\/p>\n\n\n\n<p>#rep_ariss_portugal<\/p>\n\n\n\n<p><\/p>\n\n\n\n<figure class=\"wp-block-image size-large\"><img loading=\"lazy\" decoding=\"async\" width=\"1024\" height=\"150\" src=\"https:\/\/rep.pt\/wp\/wp-content\/uploads\/2024\/10\/REP-IARU-ARISS-AMSAT_logotipo-1024x150.jpg\" alt=\"\" class=\"wp-image-6533\" srcset=\"https:\/\/rep.pt\/wp\/wp-content\/uploads\/2024\/10\/REP-IARU-ARISS-AMSAT_logotipo-1024x150.jpg 1024w, https:\/\/rep.pt\/wp\/wp-content\/uploads\/2024\/10\/REP-IARU-ARISS-AMSAT_logotipo-300x44.jpg 300w, https:\/\/rep.pt\/wp\/wp-content\/uploads\/2024\/10\/REP-IARU-ARISS-AMSAT_logotipo.jpg 1071w\" sizes=\"auto, (max-width: 1024px) 100vw, 1024px\" \/><\/figure>\n","protected":false},"excerpt":{"rendered":"<p>ARISS International https:\/\/www.ariss.org\/upcoming-sstv-events.html A ARISS est\u00e1 planeando um evento SSTV de segunda-feira, 14 de julho de 2025, a domingo, 20 de julho de 2025.&nbsp; O tema ser\u00e1 o 50\u00ba anivers\u00e1rio do ASTP e o 40\u00ba anivers\u00e1rio do STS-51F. O STS-51F foi o segundo voo SAREX e o primeiro uso de SSTV em voos espaciais tripulados. [&hellip;]<\/p>\n","protected":false},"author":1,"featured_media":6264,"comment_status":"closed","ping_status":"closed","sticky":false,"template":"","format":"standard","meta":{"footnotes":""},"categories":[3],"tags":[],"class_list":["post-7000","post","type-post","status-publish","format-standard","has-post-thumbnail","hentry","category-rep"],"_links":{"self":[{"href":"https:\/\/rep.pt\/wp\/wp-json\/wp\/v2\/posts\/7000","targetHints":{"allow":["GET"]}}],"collection":[{"href":"https:\/\/rep.pt\/wp\/wp-json\/wp\/v2\/posts"}],"about":[{"href":"https:\/\/rep.pt\/wp\/wp-json\/wp\/v2\/types\/post"}],"author":[{"embeddable":true,"href":"https:\/\/rep.pt\/wp\/wp-json\/wp\/v2\/users\/1"}],"replies":[{"embeddable":true,"href":"https:\/\/rep.pt\/wp\/wp-json\/wp\/v2\/comments?post=7000"}],"version-history":[{"count":1,"href":"https:\/\/rep.pt\/wp\/wp-json\/wp\/v2\/posts\/7000\/revisions"}],"predecessor-version":[{"id":7002,"href":"https:\/\/rep.pt\/wp\/wp-json\/wp\/v2\/posts\/7000\/revisions\/7002"}],"wp:featuredmedia":[{"embeddable":true,"href":"https:\/\/rep.pt\/wp\/wp-json\/wp\/v2\/media\/6264"}],"wp:attachment":[{"href":"https:\/\/rep.pt\/wp\/wp-json\/wp\/v2\/media?parent=7000"}],"wp:term":[{"taxonomy":"category","embeddable":true,"href":"https:\/\/rep.pt\/wp\/wp-json\/wp\/v2\/categories?post=7000"},{"taxonomy":"post_tag","embeddable":true,"href":"https:\/\/rep.pt\/wp\/wp-json\/wp\/v2\/tags?post=7000"}],"curies":[{"name":"wp","href":"https:\/\/api.w.org\/{rel}","templated":true}]}}