{"id":7362,"date":"2026-03-26T18:41:35","date_gmt":"2026-03-26T18:41:35","guid":{"rendered":"https:\/\/rep.pt\/wp\/?p=7362"},"modified":"2026-03-26T18:41:37","modified_gmt":"2026-03-26T18:41:37","slug":"1-circuito-nacional-de-foxhunting-radio-localizacao","status":"publish","type":"post","link":"https:\/\/rep.pt\/wp\/2026\/03\/26\/1-circuito-nacional-de-foxhunting-radio-localizacao\/","title":{"rendered":"1\u00b0 CIRCUITO NACIONAL DE FOXHUNTING &#8211; Radio localiza\u00e7\u00e3o."},"content":{"rendered":"\n<figure class=\"wp-block-image size-large\"><img loading=\"lazy\" decoding=\"async\" width=\"723\" height=\"1024\" src=\"https:\/\/rep.pt\/wp\/wp-content\/uploads\/2026\/03\/image-13-723x1024.png\" alt=\"\" class=\"wp-image-7363\" srcset=\"https:\/\/rep.pt\/wp\/wp-content\/uploads\/2026\/03\/image-13-723x1024.png 723w, https:\/\/rep.pt\/wp\/wp-content\/uploads\/2026\/03\/image-13-212x300.png 212w, https:\/\/rep.pt\/wp\/wp-content\/uploads\/2026\/03\/image-13.png 1024w\" sizes=\"auto, (max-width: 723px) 100vw, 723px\" \/><\/figure>\n\n\n\n<p>A\u00a0<a href=\"https:\/\/www.facebook.com\/CS5ARLC?__cft__[0]=AZZlwZ9rYTpAAn0Oc4ckPNIwpu7Q6-hN-9uXhR2jJHzxWPU5fBjalpv7CIlqgVG5rMOp-AnLiDxPqLLVl_y8yRm0BV78aH_NpW7CFhchgHAIEEJvVLAZ-rJAY_-zmw9IbKWrjtHf-DkAv04opqUUH9miLG0U5UaIEygeHgJ_spLaCW7Jydt7GXsxoMDx9K2WktacillMLdFdIukkLdIrkUcPT5LZdz0Kpjh0hK5YYF0VYw&amp;__tn__=-]K*F\">Associa\u00e7\u00e3o de Radioamadores de Cascais<\/a>\u00a0tem o prazer de anunciar o 1\u00b0 CIRCUITO NACIONAL DE FOXHUNTING &#8211; Radio localiza\u00e7\u00e3o.<br \/>As provas vao realizar-se em Cascais, Almada, Coimbra, Figueira da Foz e Castelo Branco, com a participa\u00e7\u00e3o da\u00a0<a href=\"https:\/\/www.facebook.com\/RedeEmissoresPortugueses?__cft__[0]=AZZlwZ9rYTpAAn0Oc4ckPNIwpu7Q6-hN-9uXhR2jJHzxWPU5fBjalpv7CIlqgVG5rMOp-AnLiDxPqLLVl_y8yRm0BV78aH_NpW7CFhchgHAIEEJvVLAZ-rJAY_-zmw9IbKWrjtHf-DkAv04opqUUH9miLG0U5UaIEygeHgJ_spLaCW7Jydt7GXsxoMDx9K2WktacillMLdFdIukkLdIrkUcPT5LZdz0Kpjh0hK5YYF0VYw&amp;__tn__=-]K*F\">REP Rede Emissores Portugueses<\/a>\u00a0,\u00a0<a href=\"https:\/\/www.facebook.com\/CS5RBB?__cft__[0]=AZZlwZ9rYTpAAn0Oc4ckPNIwpu7Q6-hN-9uXhR2jJHzxWPU5fBjalpv7CIlqgVG5rMOp-AnLiDxPqLLVl_y8yRm0BV78aH_NpW7CFhchgHAIEEJvVLAZ-rJAY_-zmw9IbKWrjtHf-DkAv04opqUUH9miLG0U5UaIEygeHgJ_spLaCW7Jydt7GXsxoMDx9K2WktacillMLdFdIukkLdIrkUcPT5LZdz0Kpjh0hK5YYF0VYw&amp;__tn__=-]K*F\">Associa\u00e7\u00e3o Radio Amadores Beira Baixa ARBB<\/a>,\u00a0<a href=\"https:\/\/www.facebook.com\/trgm.tertulia?__cft__[0]=AZZlwZ9rYTpAAn0Oc4ckPNIwpu7Q6-hN-9uXhR2jJHzxWPU5fBjalpv7CIlqgVG5rMOp-AnLiDxPqLLVl_y8yRm0BV78aH_NpW7CFhchgHAIEEJvVLAZ-rJAY_-zmw9IbKWrjtHf-DkAv04opqUUH9miLG0U5UaIEygeHgJ_spLaCW7Jydt7GXsxoMDx9K2WktacillMLdFdIukkLdIrkUcPT5LZdz0Kpjh0hK5YYF0VYw&amp;__tn__=-]K*F\">Trgm Tert\u00falia<\/a>\u00a0e a Associa\u00e7\u00e3o de Radioamadores Costa de Prata, em datas a divulgar muito brevemente.<br \/>Esta \u00e9 uma modalidade que tem trazido muitas mais valias ao radioamadorismo e dado a conhecer \u00e1 popula\u00e7\u00e3o em geral o que somos, o que fazemos, o quanto \u00e9 divertido e a import\u00e2ncia do radioamador.<br \/>Participa, contacta- nos, vem divertir-te e aprender algo de novo e interessante. Contamos contigo<\/p>\n\n\n\n<figure class=\"wp-block-image\"><img decoding=\"async\" src=\"https:\/\/static.xx.fbcdn.net\/images\/emoji.php\/v9\/t57\/1\/16\/1f609.png\" alt=\"\ud83d\ude09\"\/><\/figure>\n\n\n\n<p><a href=\"https:\/\/www.facebook.com\/profile.php?id=61555427900598&amp;__cft__[0]=AZZlwZ9rYTpAAn0Oc4ckPNIwpu7Q6-hN-9uXhR2jJHzxWPU5fBjalpv7CIlqgVG5rMOp-AnLiDxPqLLVl_y8yRm0BV78aH_NpW7CFhchgHAIEEJvVLAZ-rJAY_-zmw9IbKWrjtHf-DkAv04opqUUH9miLG0U5UaIEygeHgJ_spLaCW7Jydt7GXsxoMDx9K2WktacillMLdFdIukkLdIrkUcPT5LZdz0Kpjh0hK5YYF0VYw&amp;__tn__=-]K*F\">Raposa Arlc<\/a><\/p>\n","protected":false},"excerpt":{"rendered":"<p>A\u00a0Associa\u00e7\u00e3o de Radioamadores de Cascais\u00a0tem o prazer de anunciar o 1\u00b0 CIRCUITO NACIONAL DE FOXHUNTING &#8211; Radio localiza\u00e7\u00e3o.As provas vao realizar-se em Cascais, Almada, Coimbra, Figueira da Foz e Castelo Branco, com a participa\u00e7\u00e3o da\u00a0REP Rede Emissores Portugueses\u00a0,\u00a0Associa\u00e7\u00e3o Radio Amadores Beira Baixa ARBB,\u00a0Trgm Tert\u00falia\u00a0e a Associa\u00e7\u00e3o de Radioamadores Costa de Prata, em datas a divulgar [&hellip;]<\/p>\n","protected":false},"author":1,"featured_media":7364,"comment_status":"closed","ping_status":"closed","sticky":false,"template":"","format":"standard","meta":{"footnotes":""},"categories":[383,3],"tags":[230,36,384,385,35,32,165],"class_list":["post-7362","post","type-post","status-publish","format-standard","has-post-thumbnail","hentry","category-ardf","category-rep","tag-redeemissoresportugueses","tag-amateur-radio","tag-ardf","tag-radio-localizacao","tag-radioamadorismo","tag-rede-dos-emissores-portugueses","tag-rep"],"_links":{"self":[{"href":"https:\/\/rep.pt\/wp\/wp-json\/wp\/v2\/posts\/7362","targetHints":{"allow":["GET"]}}],"collection":[{"href":"https:\/\/rep.pt\/wp\/wp-json\/wp\/v2\/posts"}],"about":[{"href":"https:\/\/rep.pt\/wp\/wp-json\/wp\/v2\/types\/post"}],"author":[{"embeddable":true,"href":"https:\/\/rep.pt\/wp\/wp-json\/wp\/v2\/users\/1"}],"replies":[{"embeddable":true,"href":"https:\/\/rep.pt\/wp\/wp-json\/wp\/v2\/comments?post=7362"}],"version-history":[{"count":1,"href":"https:\/\/rep.pt\/wp\/wp-json\/wp\/v2\/posts\/7362\/revisions"}],"predecessor-version":[{"id":7365,"href":"https:\/\/rep.pt\/wp\/wp-json\/wp\/v2\/posts\/7362\/revisions\/7365"}],"wp:featuredmedia":[{"embeddable":true,"href":"https:\/\/rep.pt\/wp\/wp-json\/wp\/v2\/media\/7364"}],"wp:attachment":[{"href":"https:\/\/rep.pt\/wp\/wp-json\/wp\/v2\/media?parent=7362"}],"wp:term":[{"taxonomy":"category","embeddable":true,"href":"https:\/\/rep.pt\/wp\/wp-json\/wp\/v2\/categories?post=7362"},{"taxonomy":"post_tag","embeddable":true,"href":"https:\/\/rep.pt\/wp\/wp-json\/wp\/v2\/tags?post=7362"}],"curies":[{"name":"wp","href":"https:\/\/api.w.org\/{rel}","templated":true}]}}