{"id":738,"date":"2014-05-26T12:29:45","date_gmt":"2014-05-26T12:29:45","guid":{"rendered":"https:\/\/rep.pt\/wp\/?p=738"},"modified":"2014-05-27T18:40:49","modified_gmt":"2014-05-27T18:40:49","slug":"rep-presente-na-feira-de-radio-da-aral","status":"publish","type":"post","link":"https:\/\/rep.pt\/wp\/2014\/05\/26\/rep-presente-na-feira-de-radio-da-aral\/","title":{"rendered":"REP presente na feira de R\u00e1dio da ARAL"},"content":{"rendered":"<p class=\"entry-header\">Prezados colegas<\/p>\n<p class=\"entry-header\" style=\"text-align: justify;\">\u00a0 \u00a0A Rede dos Emissores Portugueses tem a honra e o prazer de anunciar a sua presen\u00e7a na Feira\u00a0de R\u00e1dio da ARAL que se realiza no\u00a0pr\u00f3ximo dia 7 de junho de 2014, Parque Municipal de Exposi\u00e7\u00f5es da Marinha Grande (39.45.42,67 N &#8211; 08.55.56,73 W )<\/p>\n<div class=\"entry-content\" style=\"text-align: justify;\">\u00a0 \u00a0Aos nossos s\u00f3cios que pretendam receber os seus cart\u00f5es QSL no local, dever\u00e3o comunicar a vossa pretens\u00e3o via endere\u00e7o de email rep@rep.pt ou via os contactos habituais da REP, mas por motivos de transporte, pedidos ser\u00e3o aceites at\u00e9 ao dia 5.<\/div>\n<div class=\"entry-content\" style=\"text-align: justify;\"><\/div>\n<div class=\"entry-content\" style=\"text-align: justify;\"><span style=\"font-style: inherit;\">Os nossos cumprimentos e agradecimentos.<\/span><br \/>\n<span style=\"font-style: inherit;\">73 Carlos Nora, CT1END<\/span><br \/>\nNNNN<\/div>\n","protected":false},"excerpt":{"rendered":"<p>Prezados colegas \u00a0 \u00a0A Rede dos Emissores Portugueses tem a honra e o prazer de anunciar a sua presen\u00e7a na Feira\u00a0de R\u00e1dio da ARAL que se realiza no\u00a0pr\u00f3ximo dia 7 de junho de 2014, Parque Municipal de Exposi\u00e7\u00f5es da Marinha Grande (39.45.42,67 N &#8211; 08.55.56,73 W ) \u00a0 \u00a0Aos nossos s\u00f3cios que pretendam receber os [&hellip;]<\/p>\n","protected":false},"author":1,"featured_media":0,"comment_status":"closed","ping_status":"open","sticky":false,"template":"","format":"standard","meta":{"footnotes":""},"categories":[3],"tags":[184,32,165],"class_list":["post-738","post","type-post","status-publish","format-standard","hentry","category-rep","tag-feiras-radio","tag-rede-dos-emissores-portugueses","tag-rep"],"_links":{"self":[{"href":"https:\/\/rep.pt\/wp\/wp-json\/wp\/v2\/posts\/738","targetHints":{"allow":["GET"]}}],"collection":[{"href":"https:\/\/rep.pt\/wp\/wp-json\/wp\/v2\/posts"}],"about":[{"href":"https:\/\/rep.pt\/wp\/wp-json\/wp\/v2\/types\/post"}],"author":[{"embeddable":true,"href":"https:\/\/rep.pt\/wp\/wp-json\/wp\/v2\/users\/1"}],"replies":[{"embeddable":true,"href":"https:\/\/rep.pt\/wp\/wp-json\/wp\/v2\/comments?post=738"}],"version-history":[{"count":4,"href":"https:\/\/rep.pt\/wp\/wp-json\/wp\/v2\/posts\/738\/revisions"}],"predecessor-version":[{"id":757,"href":"https:\/\/rep.pt\/wp\/wp-json\/wp\/v2\/posts\/738\/revisions\/757"}],"wp:attachment":[{"href":"https:\/\/rep.pt\/wp\/wp-json\/wp\/v2\/media?parent=738"}],"wp:term":[{"taxonomy":"category","embeddable":true,"href":"https:\/\/rep.pt\/wp\/wp-json\/wp\/v2\/categories?post=738"},{"taxonomy":"post_tag","embeddable":true,"href":"https:\/\/rep.pt\/wp\/wp-json\/wp\/v2\/tags?post=738"}],"curies":[{"name":"wp","href":"https:\/\/api.w.org\/{rel}","templated":true}]}}